{"id":9997,"date":"2025-11-02T19:10:05","date_gmt":"2025-11-02T19:10:05","guid":{"rendered":"https:\/\/www.abchukuk.com\/index.php\/2025\/11\/02\/cezaevinde-dehset-baba-acik-goruste-4-yasindaki-kizini-dovdu\/"},"modified":"2025-11-02T19:10:05","modified_gmt":"2025-11-02T19:10:05","slug":"cezaevinde-dehset-baba-acik-goruste-4-yasindaki-kizini-dovdu","status":"publish","type":"post","link":"https:\/\/www.abchukuk.com\/index.php\/2025\/11\/02\/cezaevinde-dehset-baba-acik-goruste-4-yasindaki-kizini-dovdu\/","title":{"rendered":"Cezaevinde deh\u015fet: Baba a\u00e7\u0131k g\u00f6r\u00fc\u015fte 4 ya\u015f\u0131ndaki k\u0131z\u0131n\u0131 d\u00f6vd\u00fc"},"content":{"rendered":"<p class=\"p1\">Bolu T Tipi Kapal\u0131 Cezaevi\u2019nde adam \u00f6ld\u00fcrmeye te\u015febb\u00fcsten tutuklu bulunan bir h\u00fck\u00fcml\u00fc, a\u00e7\u0131k g\u00f6r\u00fc\u015f s\u0131ras\u0131nda bo\u015fanma a\u015famas\u0131ndaki e\u015fiyle birlikte kendisini ziyarete gelen 4 ya\u015f\u0131ndaki k\u0131z\u0131na sald\u0131rd\u0131. K\u00fc\u00e7\u00fck \u00e7ocuk a\u011f\u0131r yaral\u0131 olarak hastaneye kald\u0131r\u0131ld\u0131.<\/p>\n<p class=\"p1\"><span class=\"s2\">K\u00dc\u00c7\u00dcK \u00c7OCUK YO\u011eUN BAKIMDA YA\u015eAM SAVA\u015eI VER\u0130YOR<\/span><\/p>\n<p class=\"p1\"><span class=\"s2\">Olay, cezaevinin a\u00e7\u0131k g\u00f6r\u00fc\u015f alan\u0131nda meydana geldi. H\u00fck\u00fcml\u00fc H.A., k\u0131sa bir s\u00fcreli\u011fine g\u00f6r\u00fc\u015f alan\u0131ndan ayr\u0131ld\u0131\u011f\u0131 s\u0131rada hen\u00fcz 4 ya\u015f\u0131ndaki k\u0131z\u0131na fiziksel \u015fiddet uygulad\u0131. Durumu fark eden infaz koruma memurlar\u0131 hemen m\u00fcdahale ederek \u00e7ocu\u011fu babas\u0131n\u0131n elinden ald\u0131. Yaral\u0131 \u00e7ocuk, cezaevi revirinde yap\u0131lan ilk m\u00fcdahalenin ard\u0131ndan \u0130zzet Baysal \u00dcniversitesi E\u011fitim ve Ara\u015ft\u0131rma Hastanesi\u2019ne sevk edildi. Hastanede yo\u011fun bak\u0131mda tedavi alt\u0131na al\u0131nan minik k\u0131z\u0131n hayati tehlikesinin s\u00fcrd\u00fc\u011f\u00fc \u00f6\u011frenildi.<\/span><\/p>\n<p class=\"p1\"><span class=\"s2\">BABA H\u00dcCREYE KONULDU<\/span><\/p>\n<p class=\"p1\"><span class=\"s2\">M\u00fcdahale s\u0131ras\u0131nda g\u00f6revlilerden birine yumruk atarak yaralanmas\u0131na neden olan h\u00fck\u00fcml\u00fc, etkisiz hale getirilip cezaevi g\u00fcvenli\u011fi sa\u011fland\u0131ktan sonra tek ki\u015filik h\u00fccreye al\u0131nd\u0131. Olayla ilgili adli ve idari soru\u015fturma ba\u015flat\u0131ld\u0131. G\u00f6r\u00fc\u015fme alan\u0131ndaki kamera kay\u0131tlar\u0131 ve tan\u0131k beyanlar\u0131n\u0131n incelendi\u011fi soru\u015fturmada, h\u00fck\u00fcml\u00fcn\u00fcn ailesiyle herhangi bir tart\u0131\u015fma veya tehdit i\u00e7erikli diyalog ya\u015fanmad\u0131\u011f\u0131 tespit edildi.<\/span><\/p>\n<p class=\"p1\"><span class=\"s2\">CTE\u2019DEN A\u00c7IKLAMA <\/span><\/p>\n<p class=\"p1\"><span class=\"s2\">Ceza ve Tevkifevleri Genel M\u00fcd\u00fcrl\u00fc\u011f\u00fc, Bolu T Tipi Kapal\u0131 Cezaevi\u2019nde a\u00e7\u0131k g\u00f6r\u00fc\u015fte ya\u015fanan \u015fiddet olay\u0131yla ilgili a\u00e7\u0131klama yapt\u0131. A\u00e7\u0131klamada, adam \u00f6ld\u00fcrmeye te\u015febb\u00fcsten tutuklu H.A.\u2019n\u0131n g\u00f6r\u00fc\u015f s\u0131ras\u0131nda e\u015fiyle birlikte gelen 4 ya\u015f\u0131ndaki k\u0131z\u0131na sald\u0131rd\u0131\u011f\u0131n\u0131n personel taraf\u0131ndan fark edilip an\u0131nda m\u00fcdahale edildi\u011fi belirtildi. \u00c7ocu\u011fun cezaevi revirindeki ilk m\u00fcdahalenin ard\u0131ndan hastaneye kald\u0131r\u0131ld\u0131\u011f\u0131, yo\u011fun bak\u0131mda tedavisinin s\u00fcrd\u00fc\u011f\u00fc bildirildi.<\/span><\/p>\n<p class=\"p1\"><span class=\"s2\">M\u00fcdahale s\u0131ras\u0131nda g\u00f6revli personele yumruk atarak yaralanmas\u0131na neden olan h\u00fck\u00fcml\u00fcn\u00fcn etkisiz hale getirilip tek ki\u015filik h\u00fccreye konuldu\u011fu, olayla ilgili adli ve idari soru\u015fturma ba\u015flat\u0131ld\u0131\u011f\u0131 a\u00e7\u0131kland\u0131.<\/span><\/p>\n<p class=\"p1\"><span class=\"s2\">Ceza ve Tevkifevleri Genel M\u00fcd\u00fcrl\u00fc\u011f\u00fc\u2019nden yap\u0131lan a\u00e7\u0131klamada, a\u00e7\u0131k g\u00f6r\u00fc\u015flerin h\u00fck\u00fcml\u00fclerin aile ba\u011flar\u0131n\u0131 s\u00fcrd\u00fcrmelerine olanak sa\u011flayan sosyal bir hak oldu\u011fu vurguland\u0131. Ancak Bolu Cezaevi\u2019nde ya\u015fanan olay\u0131n kabul edilemez oldu\u011fu belirtilerek, \u201cBu t\u00fcr istisnai durumlar\u0131n tekrar etmemesi i\u00e7in t\u00fcm idari ve disiplin \u00f6nlemleri g\u00f6zden ge\u00e7irilmektedir. A\u00e7\u0131k g\u00f6r\u00fc\u015flerde risk de\u011ferlendirmesi ve personel g\u00f6zetimi daha da s\u0131k\u0131la\u015ft\u0131r\u0131lacakt\u0131r\u201d denildi.<\/span><\/p>\n<p>Bolu T Tipi Kapal\u0131 Cezaevi\u2019nde adam \u00f6ld\u00fcrmeye te\u015febb\u00fcsten tutuklu H.A., a\u00e7\u0131k g\u00f6r\u00fc\u015fte bo\u015fanma a\u015famas\u0131ndaki e\u015fiyle birlikte kendisini ziyarete gelen 4 ya\u015f\u0131ndaki k\u0131z\u0131na sald\u0131rd\u0131. K\u00fc\u00e7\u00fck \u00e7ocuk a\u011f\u0131r yaral\u0131 olarak hastaneye kald\u0131r\u0131ld\u0131 ve yo\u011fun bak\u0131mda tedavi alt\u0131na al\u0131nd\u0131. Olay\u0131n ard\u0131ndan baba tek ki\u015filik h\u00fccreye konuldu, savc\u0131l\u0131k adli ve idari soru\u015fturma ba\u015flatt\u0131.\u00a0<a href=\"https:\/\/www.son.tv\/cezaevinde-dehset-baba-acik-goruste-4-yasindaki-kizini-dovdu\/\" target=\"_blank\" class=\"feedzy-rss-link-icon\">Read More<\/a><\/p>","protected":false},"excerpt":{"rendered":"<p>Bolu T Tipi Kapal\u0131 Cezaevi\u2019nde adam \u00f6ld\u00fcrmeye te\u015febb\u00fcsten tutuklu bulunan bir h\u00fck\u00fcml\u00fc, a\u00e7\u0131k g\u00f6r\u00fc\u015f s\u0131ras\u0131nda bo\u015fanma a\u015famas\u0131ndaki e\u015fiyle birlikte kendisini ziyarete gelen 4 ya\u015f\u0131ndaki k\u0131z\u0131na sald\u0131rd\u0131. K\u00fc\u00e7\u00fck \u00e7ocuk a\u011f\u0131r yaral\u0131 olarak hastaneye kald\u0131r\u0131ld\u0131. K\u00dc\u00c7\u00dcK \u00c7OCUK YO\u011eUN BAKIMDA YA\u015eAM SAVA\u015eI VER\u0130YOR Olay, cezaevinin a\u00e7\u0131k g\u00f6r\u00fc\u015f alan\u0131nda meydana geldi. H\u00fck\u00fcml\u00fc H.A., k\u0131sa bir s\u00fcreli\u011fine g\u00f6r\u00fc\u015f alan\u0131ndan ayr\u0131ld\u0131\u011f\u0131 [&hellip;]<\/p>\n","protected":false},"author":1,"featured_media":0,"comment_status":"open","ping_status":"open","sticky":false,"template":"","format":"standard","meta":{"footnotes":"","_links_to":"","_links_to_target":""},"categories":[1],"tags":[],"class_list":["post-9997","post","type-post","status-publish","format-standard","hentry","category-haberler"],"_links":{"self":[{"href":"https:\/\/www.abchukuk.com\/index.php\/wp-json\/wp\/v2\/posts\/9997","targetHints":{"allow":["GET"]}}],"collection":[{"href":"https:\/\/www.abchukuk.com\/index.php\/wp-json\/wp\/v2\/posts"}],"about":[{"href":"https:\/\/www.abchukuk.com\/index.php\/wp-json\/wp\/v2\/types\/post"}],"author":[{"embeddable":true,"href":"https:\/\/www.abchukuk.com\/index.php\/wp-json\/wp\/v2\/users\/1"}],"replies":[{"embeddable":true,"href":"https:\/\/www.abchukuk.com\/index.php\/wp-json\/wp\/v2\/comments?post=9997"}],"version-history":[{"count":0,"href":"https:\/\/www.abchukuk.com\/index.php\/wp-json\/wp\/v2\/posts\/9997\/revisions"}],"wp:attachment":[{"href":"https:\/\/www.abchukuk.com\/index.php\/wp-json\/wp\/v2\/media?parent=9997"}],"wp:term":[{"taxonomy":"category","embeddable":true,"href":"https:\/\/www.abchukuk.com\/index.php\/wp-json\/wp\/v2\/categories?post=9997"},{"taxonomy":"post_tag","embeddable":true,"href":"https:\/\/www.abchukuk.com\/index.php\/wp-json\/wp\/v2\/tags?post=9997"}],"curies":[{"name":"wp","href":"https:\/\/api.w.org\/{rel}","templated":true}]}}