{"id":9995,"date":"2025-11-02T17:45:00","date_gmt":"2025-11-02T17:45:00","guid":{"rendered":"https:\/\/www.abchukuk.com\/index.php\/2025\/11\/02\/gozaltina-alinmisti-imamoglunun-danismani-ibrahim-ozkanin-savcilik-ifadesi-ortaya-cikti\/"},"modified":"2025-11-02T17:45:00","modified_gmt":"2025-11-02T17:45:00","slug":"gozaltina-alinmisti-imamoglunun-danismani-ibrahim-ozkanin-savcilik-ifadesi-ortaya-cikti","status":"publish","type":"post","link":"https:\/\/www.abchukuk.com\/index.php\/2025\/11\/02\/gozaltina-alinmisti-imamoglunun-danismani-ibrahim-ozkanin-savcilik-ifadesi-ortaya-cikti\/","title":{"rendered":"G\u00f6zalt\u0131na al\u0131nm\u0131\u015ft\u0131: \u0130mamo\u011flu\u2019nun dan\u0131\u015fman\u0131 \u0130brahim \u00d6zkan\u2019\u0131n savc\u0131l\u0131k ifadesi ortaya \u00e7\u0131kt\u0131"},"content":{"rendered":"<p>\u0130stanbul B\u00fcy\u00fck\u015fehir Belediyesi&#8217;ne (\u0130BB) y\u00f6nelik y\u00fcr\u00fct\u00fclen soru\u015fturma kapsam\u0131nda g\u00f6zalt\u0131na al\u0131nan Ekrem \u0130mamo\u011flu&#8217;nun dan\u0131\u015fman\u0131 \u0130brahim \u00d6zkan, savc\u0131l\u0131ktaki ifadesinin ard\u0131ndan serbest b\u0131rak\u0131ld\u0131. \u00d6zkan&#8217;\u0131n savc\u0131l\u0131kta verdi\u011fi ifadesi ortaya \u00e7\u0131kt\u0131. \u00d6zkan ifadesinde, &#8220;Se\u00e7im s\u00fcrecinde CHP-\u0130Y\u0130 Parti ittifak\u0131 ile Cumhuriyet Halk Partisi listesinden B\u00fcy\u00fck\u015fehir Meclis \u00dcyesi oldum. Siyasi konular\u0131n d\u0131\u015f\u0131nda \u0130mamo\u011flu&#8217;yla bir yak\u0131nl\u0131\u011f\u0131m\u0131z yoktur&#8221; dedi.\u0130stanbul B\u00fcy\u00fck\u015fehir Belediyesi&#8217;ne (\u0130BB) y\u00f6nelik y\u00fcr\u00fct\u00fclen soru\u015fturma kapsam\u0131nda g\u00f6zalt\u0131na al\u0131nan Ekrem \u0130mamo\u011flu&#8217;nun dan\u0131\u015fman\u0131 \u0130brahim \u00d6zkan, savc\u0131l\u0131ktaki ifadesinin ard\u0131ndan serbest b\u0131rak\u0131ld\u0131. \u00d6zkan&#8217;\u0131n savc\u0131l\u0131kta verdi\u011fi ifadesi ortaya \u00e7\u0131kt\u0131. \u00d6zkan ifadesinde, &#8220;Se\u00e7im s\u00fcrecinde CHP-\u0130Y\u0130 Parti ittifak\u0131 ile Cumhuriyet Halk Partisi listesinden B\u00fcy\u00fck\u015fehir Meclis \u00dcyesi oldum. Siyasi konular\u0131n d\u0131\u015f\u0131nda \u0130mamo\u011flu&#8217;yla bir yak\u0131nl\u0131\u011f\u0131m\u0131z yoktur&#8221; dedi.\u00a0<a href=\"https:\/\/www.cumhuriyet.com.tr\/siyaset\/gozaltina-alinmisti-imamoglu-nun-danismani-ibrahim-ozkan-in-savcilik-ifadesi-ortaya-cikti-2449179\" target=\"_blank\" class=\"feedzy-rss-link-icon\">Read More<\/a><\/p>","protected":false},"excerpt":{"rendered":"<p>\u0130stanbul B\u00fcy\u00fck\u015fehir Belediyesi&#8217;ne (\u0130BB) y\u00f6nelik y\u00fcr\u00fct\u00fclen soru\u015fturma kapsam\u0131nda g\u00f6zalt\u0131na al\u0131nan Ekrem \u0130mamo\u011flu&#8217;nun dan\u0131\u015fman\u0131 \u0130brahim \u00d6zkan, savc\u0131l\u0131ktaki ifadesinin ard\u0131ndan serbest b\u0131rak\u0131ld\u0131. \u00d6zkan&#8217;\u0131n savc\u0131l\u0131kta verdi\u011fi ifadesi ortaya \u00e7\u0131kt\u0131. \u00d6zkan ifadesinde, &#8220;Se\u00e7im s\u00fcrecinde CHP-\u0130Y\u0130 Parti ittifak\u0131 ile Cumhuriyet Halk Partisi listesinden B\u00fcy\u00fck\u015fehir Meclis \u00dcyesi oldum. Siyasi konular\u0131n d\u0131\u015f\u0131nda \u0130mamo\u011flu&#8217;yla bir yak\u0131nl\u0131\u011f\u0131m\u0131z yoktur&#8221; dedi.\u0130stanbul B\u00fcy\u00fck\u015fehir Belediyesi&#8217;ne (\u0130BB) y\u00f6nelik y\u00fcr\u00fct\u00fclen [&hellip;]<\/p>\n","protected":false},"author":1,"featured_media":9996,"comment_status":"open","ping_status":"open","sticky":false,"template":"","format":"standard","meta":{"footnotes":"","_links_to":"","_links_to_target":""},"categories":[1],"tags":[],"class_list":["post-9995","post","type-post","status-publish","format-standard","has-post-thumbnail","hentry","category-haberler"],"_links":{"self":[{"href":"https:\/\/www.abchukuk.com\/index.php\/wp-json\/wp\/v2\/posts\/9995","targetHints":{"allow":["GET"]}}],"collection":[{"href":"https:\/\/www.abchukuk.com\/index.php\/wp-json\/wp\/v2\/posts"}],"about":[{"href":"https:\/\/www.abchukuk.com\/index.php\/wp-json\/wp\/v2\/types\/post"}],"author":[{"embeddable":true,"href":"https:\/\/www.abchukuk.com\/index.php\/wp-json\/wp\/v2\/users\/1"}],"replies":[{"embeddable":true,"href":"https:\/\/www.abchukuk.com\/index.php\/wp-json\/wp\/v2\/comments?post=9995"}],"version-history":[{"count":0,"href":"https:\/\/www.abchukuk.com\/index.php\/wp-json\/wp\/v2\/posts\/9995\/revisions"}],"wp:featuredmedia":[{"embeddable":true,"href":"https:\/\/www.abchukuk.com\/index.php\/wp-json\/wp\/v2\/media\/9996"}],"wp:attachment":[{"href":"https:\/\/www.abchukuk.com\/index.php\/wp-json\/wp\/v2\/media?parent=9995"}],"wp:term":[{"taxonomy":"category","embeddable":true,"href":"https:\/\/www.abchukuk.com\/index.php\/wp-json\/wp\/v2\/categories?post=9995"},{"taxonomy":"post_tag","embeddable":true,"href":"https:\/\/www.abchukuk.com\/index.php\/wp-json\/wp\/v2\/tags?post=9995"}],"curies":[{"name":"wp","href":"https:\/\/api.w.org\/{rel}","templated":true}]}}