{"id":9992,"date":"2025-11-02T15:39:29","date_gmt":"2025-11-02T15:39:29","guid":{"rendered":"https:\/\/www.abchukuk.com\/index.php\/2025\/11\/02\/londra-treninde-bicaklama-10-kisi-yarali-iki-supheli-gozaltinda\/"},"modified":"2025-11-02T15:39:29","modified_gmt":"2025-11-02T15:39:29","slug":"londra-treninde-bicaklama-10-kisi-yarali-iki-supheli-gozaltinda","status":"publish","type":"post","link":"https:\/\/www.abchukuk.com\/index.php\/2025\/11\/02\/londra-treninde-bicaklama-10-kisi-yarali-iki-supheli-gozaltinda\/","title":{"rendered":"Londra treninde b\u0131\u00e7aklama: 10 ki\u015fi yaral\u0131, iki \u015f\u00fcpheli g\u00f6zalt\u0131nda"},"content":{"rendered":"<p>Polis, ba\u015fkent Londra&#8217;ya giden bir trende meydana gelen ve dokuzu a\u011f\u0131r olmak \u00fczere on ki\u015finin yaralanmas\u0131na neden olan b\u0131\u00e7akl\u0131 sald\u0131r\u0131n\u0131n arkas\u0131ndaki nedeni hen\u00fcz a\u00e7\u0131klamad\u0131. Yetkililer olayla ilgili soru\u015fturman\u0131n g\u00f6zalt\u0131na al\u0131nan iki \u015f\u00fcpheliyle birlikte devam etti\u011fini a\u00e7\u0131klad\u0131.Polis, ba\u015fkent Londra&#8217;ya giden bir trende meydana gelen ve dokuzu a\u011f\u0131r olmak \u00fczere on ki\u015finin yaralanmas\u0131na neden olan b\u0131\u00e7akl\u0131 sald\u0131r\u0131n\u0131n arkas\u0131ndaki nedeni hen\u00fcz a\u00e7\u0131klamad\u0131. Yetkililer olayla ilgili soru\u015fturman\u0131n g\u00f6zalt\u0131na al\u0131nan iki \u015f\u00fcpheliyle birlikte devam etti\u011fini a\u00e7\u0131klad\u0131.\u00a0<a href=\"http:\/\/tr.euronews.com\/2025\/11\/02\/londra-treninde-bicaklama-10-kisi-yarali-iki-supheli-gozaltinda\" target=\"_blank\" class=\"feedzy-rss-link-icon\">Read More<\/a><\/p>","protected":false},"excerpt":{"rendered":"<p>Polis, ba\u015fkent Londra&#8217;ya giden bir trende meydana gelen ve dokuzu a\u011f\u0131r olmak \u00fczere on ki\u015finin yaralanmas\u0131na neden olan b\u0131\u00e7akl\u0131 sald\u0131r\u0131n\u0131n arkas\u0131ndaki nedeni hen\u00fcz a\u00e7\u0131klamad\u0131. Yetkililer olayla ilgili soru\u015fturman\u0131n g\u00f6zalt\u0131na al\u0131nan iki \u015f\u00fcpheliyle birlikte devam etti\u011fini a\u00e7\u0131klad\u0131.Polis, ba\u015fkent Londra&#8217;ya giden bir trende meydana gelen ve dokuzu a\u011f\u0131r olmak \u00fczere on ki\u015finin yaralanmas\u0131na neden olan b\u0131\u00e7akl\u0131 sald\u0131r\u0131n\u0131n [&hellip;]<\/p>\n","protected":false},"author":1,"featured_media":0,"comment_status":"open","ping_status":"open","sticky":false,"template":"","format":"standard","meta":{"footnotes":"","_links_to":"","_links_to_target":""},"categories":[1],"tags":[],"class_list":["post-9992","post","type-post","status-publish","format-standard","hentry","category-haberler"],"_links":{"self":[{"href":"https:\/\/www.abchukuk.com\/index.php\/wp-json\/wp\/v2\/posts\/9992","targetHints":{"allow":["GET"]}}],"collection":[{"href":"https:\/\/www.abchukuk.com\/index.php\/wp-json\/wp\/v2\/posts"}],"about":[{"href":"https:\/\/www.abchukuk.com\/index.php\/wp-json\/wp\/v2\/types\/post"}],"author":[{"embeddable":true,"href":"https:\/\/www.abchukuk.com\/index.php\/wp-json\/wp\/v2\/users\/1"}],"replies":[{"embeddable":true,"href":"https:\/\/www.abchukuk.com\/index.php\/wp-json\/wp\/v2\/comments?post=9992"}],"version-history":[{"count":0,"href":"https:\/\/www.abchukuk.com\/index.php\/wp-json\/wp\/v2\/posts\/9992\/revisions"}],"wp:attachment":[{"href":"https:\/\/www.abchukuk.com\/index.php\/wp-json\/wp\/v2\/media?parent=9992"}],"wp:term":[{"taxonomy":"category","embeddable":true,"href":"https:\/\/www.abchukuk.com\/index.php\/wp-json\/wp\/v2\/categories?post=9992"},{"taxonomy":"post_tag","embeddable":true,"href":"https:\/\/www.abchukuk.com\/index.php\/wp-json\/wp\/v2\/tags?post=9992"}],"curies":[{"name":"wp","href":"https:\/\/api.w.org\/{rel}","templated":true}]}}