{"id":9990,"date":"2025-11-02T16:29:00","date_gmt":"2025-11-02T16:29:00","guid":{"rendered":"https:\/\/www.abchukuk.com\/index.php\/2025\/11\/02\/netanyahudan-filistinli-esire-tecavuz-aciklamasi\/"},"modified":"2025-11-02T16:29:00","modified_gmt":"2025-11-02T16:29:00","slug":"netanyahudan-filistinli-esire-tecavuz-aciklamasi","status":"publish","type":"post","link":"https:\/\/www.abchukuk.com\/index.php\/2025\/11\/02\/netanyahudan-filistinli-esire-tecavuz-aciklamasi\/","title":{"rendered":"Netanyahu&#8217;dan Filistinli esire tecav\u00fcz a\u00e7\u0131klamas\u0131"},"content":{"rendered":"<p>\u0130srail Ba\u015fbakan\u0131 Binyamin Netanyahu, \u0130srail ordusu Askeri Ba\u015fsavc\u0131s\u0131 Yifat Tomer-Yerushalmi&#8217;nin Sde Teiman askeri hapishanesinde Filistinli esire tecav\u00fcz g\u00f6r\u00fcnt\u00fclerini ortaya \u00e7\u0131karmas\u0131n\u0131n kurulu\u015fundan bu yana \u00fclkenin kar\u015f\u0131la\u015ft\u0131\u011f\u0131 en \u015fiddetli kara propaganda sald\u0131r\u0131s\u0131 oldu\u011funu ileri s\u00fcrd\u00fc.\u0130srail Ba\u015fbakan\u0131 Binyamin Netanyahu, \u0130srail ordusu Askeri Ba\u015fsavc\u0131s\u0131 Yifat Tomer-Yerushalmi&#8217;nin Sde Teiman askeri hapishanesinde Filistinli esire tecav\u00fcz g\u00f6r\u00fcnt\u00fclerini ortaya \u00e7\u0131karmas\u0131n\u0131n kurulu\u015fundan bu yana \u00fclkenin kar\u015f\u0131la\u015ft\u0131\u011f\u0131 en \u015fiddetli kara propaganda sald\u0131r\u0131s\u0131 oldu\u011funu ileri s\u00fcrd\u00fc.\u00a0<a href=\"https:\/\/www.dunya.com\/dunya\/netanyahudan-filistinli-esire-tecavuz-aciklamasi-haberi-801298\" target=\"_blank\" class=\"feedzy-rss-link-icon\">Read More<\/a><\/p>","protected":false},"excerpt":{"rendered":"<p>\u0130srail Ba\u015fbakan\u0131 Binyamin Netanyahu, \u0130srail ordusu Askeri Ba\u015fsavc\u0131s\u0131 Yifat Tomer-Yerushalmi&#8217;nin Sde Teiman askeri hapishanesinde Filistinli esire tecav\u00fcz g\u00f6r\u00fcnt\u00fclerini ortaya \u00e7\u0131karmas\u0131n\u0131n kurulu\u015fundan bu yana \u00fclkenin kar\u015f\u0131la\u015ft\u0131\u011f\u0131 en \u015fiddetli kara propaganda sald\u0131r\u0131s\u0131 oldu\u011funu ileri s\u00fcrd\u00fc.\u0130srail Ba\u015fbakan\u0131 Binyamin Netanyahu, \u0130srail ordusu Askeri Ba\u015fsavc\u0131s\u0131 Yifat Tomer-Yerushalmi&#8217;nin Sde Teiman askeri hapishanesinde Filistinli esire tecav\u00fcz g\u00f6r\u00fcnt\u00fclerini ortaya \u00e7\u0131karmas\u0131n\u0131n kurulu\u015fundan bu yana [&hellip;]<\/p>\n","protected":false},"author":1,"featured_media":9991,"comment_status":"open","ping_status":"open","sticky":false,"template":"","format":"standard","meta":{"footnotes":"","_links_to":"","_links_to_target":""},"categories":[1],"tags":[],"class_list":["post-9990","post","type-post","status-publish","format-standard","has-post-thumbnail","hentry","category-haberler"],"_links":{"self":[{"href":"https:\/\/www.abchukuk.com\/index.php\/wp-json\/wp\/v2\/posts\/9990","targetHints":{"allow":["GET"]}}],"collection":[{"href":"https:\/\/www.abchukuk.com\/index.php\/wp-json\/wp\/v2\/posts"}],"about":[{"href":"https:\/\/www.abchukuk.com\/index.php\/wp-json\/wp\/v2\/types\/post"}],"author":[{"embeddable":true,"href":"https:\/\/www.abchukuk.com\/index.php\/wp-json\/wp\/v2\/users\/1"}],"replies":[{"embeddable":true,"href":"https:\/\/www.abchukuk.com\/index.php\/wp-json\/wp\/v2\/comments?post=9990"}],"version-history":[{"count":0,"href":"https:\/\/www.abchukuk.com\/index.php\/wp-json\/wp\/v2\/posts\/9990\/revisions"}],"wp:featuredmedia":[{"embeddable":true,"href":"https:\/\/www.abchukuk.com\/index.php\/wp-json\/wp\/v2\/media\/9991"}],"wp:attachment":[{"href":"https:\/\/www.abchukuk.com\/index.php\/wp-json\/wp\/v2\/media?parent=9990"}],"wp:term":[{"taxonomy":"category","embeddable":true,"href":"https:\/\/www.abchukuk.com\/index.php\/wp-json\/wp\/v2\/categories?post=9990"},{"taxonomy":"post_tag","embeddable":true,"href":"https:\/\/www.abchukuk.com\/index.php\/wp-json\/wp\/v2\/tags?post=9990"}],"curies":[{"name":"wp","href":"https:\/\/api.w.org\/{rel}","templated":true}]}}