{"id":9979,"date":"2025-11-02T11:37:00","date_gmt":"2025-11-02T11:37:00","guid":{"rendered":"https:\/\/www.abchukuk.com\/index.php\/2025\/11\/02\/cezaevinde-acik-goruste-4-yasindaki-kizini-olduresiye-dovdu\/"},"modified":"2025-11-02T11:37:00","modified_gmt":"2025-11-02T11:37:00","slug":"cezaevinde-acik-goruste-4-yasindaki-kizini-olduresiye-dovdu","status":"publish","type":"post","link":"https:\/\/www.abchukuk.com\/index.php\/2025\/11\/02\/cezaevinde-acik-goruste-4-yasindaki-kizini-olduresiye-dovdu\/","title":{"rendered":"Cezaevinde a\u00e7\u0131k g\u00f6r\u00fc\u015fte 4 ya\u015f\u0131ndaki k\u0131z\u0131n\u0131 \u00f6ld\u00fcresiye d\u00f6vd\u00fc"},"content":{"rendered":"<p>Bolu&#8217;da \u2018Adam \u00f6ld\u00fcrmeye te\u015febb\u00fcs\u2019 su\u00e7undan tutuklu bulunan Hakan K., e\u015fiyle birlikte kendisini ziyarete gelen 4 ya\u015f\u0131ndaki k\u0131z\u0131n\u0131 a\u00e7\u0131k g\u00f6r\u00fc\u015f s\u0131ras\u0131nda d\u00f6vd\u00fc. A\u011f\u0131r yaralanan k\u00fc\u00e7\u00fck k\u0131z yo\u011fun bak\u0131m \u00fcnitesinde tedaviye al\u0131nd\u0131.Bolu&#8217;da \u2018Adam \u00f6ld\u00fcrmeye te\u015febb\u00fcs\u2019 su\u00e7undan tutuklu bulunan Hakan K., e\u015fiyle birlikte kendisini ziyarete gelen 4 ya\u015f\u0131ndaki k\u0131z\u0131n\u0131 a\u00e7\u0131k g\u00f6r\u00fc\u015f s\u0131ras\u0131nda d\u00f6vd\u00fc. A\u011f\u0131r yaralanan k\u00fc\u00e7\u00fck k\u0131z yo\u011fun bak\u0131m \u00fcnitesinde tedaviye al\u0131nd\u0131.\u00a0<a href=\"https:\/\/www.cumhuriyet.com.tr\/turkiye\/cezaevinde-acik-goruste-4-yasindaki-kizini-olduresiye-dovdu-2449096\" target=\"_blank\" class=\"feedzy-rss-link-icon\">Read More<\/a><\/p>","protected":false},"excerpt":{"rendered":"<p>Bolu&#8217;da \u2018Adam \u00f6ld\u00fcrmeye te\u015febb\u00fcs\u2019 su\u00e7undan tutuklu bulunan Hakan K., e\u015fiyle birlikte kendisini ziyarete gelen 4 ya\u015f\u0131ndaki k\u0131z\u0131n\u0131 a\u00e7\u0131k g\u00f6r\u00fc\u015f s\u0131ras\u0131nda d\u00f6vd\u00fc. A\u011f\u0131r yaralanan k\u00fc\u00e7\u00fck k\u0131z yo\u011fun bak\u0131m \u00fcnitesinde tedaviye al\u0131nd\u0131.Bolu&#8217;da \u2018Adam \u00f6ld\u00fcrmeye te\u015febb\u00fcs\u2019 su\u00e7undan tutuklu bulunan Hakan K., e\u015fiyle birlikte kendisini ziyarete gelen 4 ya\u015f\u0131ndaki k\u0131z\u0131n\u0131 a\u00e7\u0131k g\u00f6r\u00fc\u015f s\u0131ras\u0131nda d\u00f6vd\u00fc. A\u011f\u0131r yaralanan k\u00fc\u00e7\u00fck k\u0131z yo\u011fun [&hellip;]<\/p>\n","protected":false},"author":1,"featured_media":9980,"comment_status":"open","ping_status":"open","sticky":false,"template":"","format":"standard","meta":{"footnotes":"","_links_to":"","_links_to_target":""},"categories":[1],"tags":[],"class_list":["post-9979","post","type-post","status-publish","format-standard","has-post-thumbnail","hentry","category-haberler"],"_links":{"self":[{"href":"https:\/\/www.abchukuk.com\/index.php\/wp-json\/wp\/v2\/posts\/9979","targetHints":{"allow":["GET"]}}],"collection":[{"href":"https:\/\/www.abchukuk.com\/index.php\/wp-json\/wp\/v2\/posts"}],"about":[{"href":"https:\/\/www.abchukuk.com\/index.php\/wp-json\/wp\/v2\/types\/post"}],"author":[{"embeddable":true,"href":"https:\/\/www.abchukuk.com\/index.php\/wp-json\/wp\/v2\/users\/1"}],"replies":[{"embeddable":true,"href":"https:\/\/www.abchukuk.com\/index.php\/wp-json\/wp\/v2\/comments?post=9979"}],"version-history":[{"count":0,"href":"https:\/\/www.abchukuk.com\/index.php\/wp-json\/wp\/v2\/posts\/9979\/revisions"}],"wp:featuredmedia":[{"embeddable":true,"href":"https:\/\/www.abchukuk.com\/index.php\/wp-json\/wp\/v2\/media\/9980"}],"wp:attachment":[{"href":"https:\/\/www.abchukuk.com\/index.php\/wp-json\/wp\/v2\/media?parent=9979"}],"wp:term":[{"taxonomy":"category","embeddable":true,"href":"https:\/\/www.abchukuk.com\/index.php\/wp-json\/wp\/v2\/categories?post=9979"},{"taxonomy":"post_tag","embeddable":true,"href":"https:\/\/www.abchukuk.com\/index.php\/wp-json\/wp\/v2\/tags?post=9979"}],"curies":[{"name":"wp","href":"https:\/\/api.w.org\/{rel}","templated":true}]}}