{"id":9976,"date":"2025-11-02T09:51:00","date_gmt":"2025-11-02T09:51:00","guid":{"rendered":"https:\/\/www.abchukuk.com\/index.php\/2025\/11\/02\/tuncelide-tapulu-evlerinin-camiye-cevrildigini-iddia-eden-aile-hakkini-mahkemede-ariyor\/"},"modified":"2025-11-02T09:51:00","modified_gmt":"2025-11-02T09:51:00","slug":"tuncelide-tapulu-evlerinin-camiye-cevrildigini-iddia-eden-aile-hakkini-mahkemede-ariyor","status":"publish","type":"post","link":"https:\/\/www.abchukuk.com\/index.php\/2025\/11\/02\/tuncelide-tapulu-evlerinin-camiye-cevrildigini-iddia-eden-aile-hakkini-mahkemede-ariyor\/","title":{"rendered":"Tunceli\u2019de tapulu evlerinin camiye \u00e7evrildi\u011fini iddia eden aile hakk\u0131n\u0131 mahkemede ar\u0131yor"},"content":{"rendered":"<p>Tunceli\u2019nin Naz\u0131miye il\u00e7esine ba\u011fl\u0131 B\u00fcy\u00fckyurt K\u00f6y\u00fc\u2019ne d\u00f6nen Mine ve Murat Sar\u0131\u00e7i\u00e7ek \u00e7ifti, tapusu kendilerine ait olan ve bug\u00fcn cami olarak kullan\u0131lan de\u011firmen ve evin iadesi talebiyle hukuk m\u00fccadelesi ba\u015flatt\u0131. Aile, \u201cBuras\u0131 bizim dedemizin tapulu topra\u011f\u0131, elimizde belge var. Biz kimsenin inanc\u0131na kar\u0131\u015fm\u0131yoruz ama kimse de bizim hakk\u0131m\u0131za el koyamaz\u201d ifadelerini kulland\u0131.Tunceli\u2019nin Naz\u0131miye il\u00e7esine ba\u011fl\u0131 B\u00fcy\u00fckyurt K\u00f6y\u00fc\u2019ne d\u00f6nen Mine ve Murat Sar\u0131\u00e7i\u00e7ek \u00e7ifti, tapusu kendilerine ait olan ve bug\u00fcn cami olarak kullan\u0131lan de\u011firmen ve evin iadesi talebiyle hukuk m\u00fccadelesi ba\u015flatt\u0131. Aile, \u201cBuras\u0131 bizim dedemizin tapulu topra\u011f\u0131, elimizde belge var. Biz kimsenin inanc\u0131na kar\u0131\u015fm\u0131yoruz ama kimse de bizim hakk\u0131m\u0131za el koyamaz\u201d ifadelerini kulland\u0131.\u00a0<a href=\"https:\/\/www.cumhuriyet.com.tr\/turkiye\/tunceli-de-tapulu-evlerinin-camiye-cevrildigini-iddia-eden-aile-hakkini-mahkemede-ariyor-2449076\" target=\"_blank\" class=\"feedzy-rss-link-icon\">Read More<\/a><\/p>","protected":false},"excerpt":{"rendered":"<p>Tunceli\u2019nin Naz\u0131miye il\u00e7esine ba\u011fl\u0131 B\u00fcy\u00fckyurt K\u00f6y\u00fc\u2019ne d\u00f6nen Mine ve Murat Sar\u0131\u00e7i\u00e7ek \u00e7ifti, tapusu kendilerine ait olan ve bug\u00fcn cami olarak kullan\u0131lan de\u011firmen ve evin iadesi talebiyle hukuk m\u00fccadelesi ba\u015flatt\u0131. Aile, \u201cBuras\u0131 bizim dedemizin tapulu topra\u011f\u0131, elimizde belge var. Biz kimsenin inanc\u0131na kar\u0131\u015fm\u0131yoruz ama kimse de bizim hakk\u0131m\u0131za el koyamaz\u201d ifadelerini kulland\u0131.Tunceli\u2019nin Naz\u0131miye il\u00e7esine ba\u011fl\u0131 B\u00fcy\u00fckyurt [&hellip;]<\/p>\n","protected":false},"author":1,"featured_media":9977,"comment_status":"open","ping_status":"open","sticky":false,"template":"","format":"standard","meta":{"footnotes":"","_links_to":"","_links_to_target":""},"categories":[1],"tags":[],"class_list":["post-9976","post","type-post","status-publish","format-standard","has-post-thumbnail","hentry","category-haberler"],"_links":{"self":[{"href":"https:\/\/www.abchukuk.com\/index.php\/wp-json\/wp\/v2\/posts\/9976","targetHints":{"allow":["GET"]}}],"collection":[{"href":"https:\/\/www.abchukuk.com\/index.php\/wp-json\/wp\/v2\/posts"}],"about":[{"href":"https:\/\/www.abchukuk.com\/index.php\/wp-json\/wp\/v2\/types\/post"}],"author":[{"embeddable":true,"href":"https:\/\/www.abchukuk.com\/index.php\/wp-json\/wp\/v2\/users\/1"}],"replies":[{"embeddable":true,"href":"https:\/\/www.abchukuk.com\/index.php\/wp-json\/wp\/v2\/comments?post=9976"}],"version-history":[{"count":0,"href":"https:\/\/www.abchukuk.com\/index.php\/wp-json\/wp\/v2\/posts\/9976\/revisions"}],"wp:featuredmedia":[{"embeddable":true,"href":"https:\/\/www.abchukuk.com\/index.php\/wp-json\/wp\/v2\/media\/9977"}],"wp:attachment":[{"href":"https:\/\/www.abchukuk.com\/index.php\/wp-json\/wp\/v2\/media?parent=9976"}],"wp:term":[{"taxonomy":"category","embeddable":true,"href":"https:\/\/www.abchukuk.com\/index.php\/wp-json\/wp\/v2\/categories?post=9976"},{"taxonomy":"post_tag","embeddable":true,"href":"https:\/\/www.abchukuk.com\/index.php\/wp-json\/wp\/v2\/tags?post=9976"}],"curies":[{"name":"wp","href":"https:\/\/api.w.org\/{rel}","templated":true}]}}