{"id":9974,"date":"2025-11-02T08:28:00","date_gmt":"2025-11-02T08:28:00","guid":{"rendered":"https:\/\/www.abchukuk.com\/index.php\/2025\/11\/02\/beyoglunda-13-yasindaki-arkadasini-bicaklayan-supheliye-adli-kontrol\/"},"modified":"2025-11-02T08:28:00","modified_gmt":"2025-11-02T08:28:00","slug":"beyoglunda-13-yasindaki-arkadasini-bicaklayan-supheliye-adli-kontrol","status":"publish","type":"post","link":"https:\/\/www.abchukuk.com\/index.php\/2025\/11\/02\/beyoglunda-13-yasindaki-arkadasini-bicaklayan-supheliye-adli-kontrol\/","title":{"rendered":"Beyo\u011flu&#8217;nda 13 ya\u015f\u0131ndaki arkada\u015f\u0131n\u0131 b\u0131\u00e7aklayan \u015f\u00fcpheliye adli kontrol"},"content":{"rendered":"<p>Beyo\u011flu&#8217;nda tart\u0131\u015ft\u0131\u011f\u0131 13 ya\u015f\u0131ndaki arkada\u015f\u0131n\u0131 b\u0131\u00e7akla yaralayan \u015f\u00fcpheli hakk\u0131nda adli kontrol tedbiri uyguland\u0131.Beyo\u011flu&#8217;nda tart\u0131\u015ft\u0131\u011f\u0131 13 ya\u015f\u0131ndaki arkada\u015f\u0131n\u0131 b\u0131\u00e7akla yaralayan \u015f\u00fcpheli hakk\u0131nda adli kontrol tedbiri uyguland\u0131.\u00a0<a href=\"https:\/\/www.dunya.com\/gundem\/beyoglunda-13-yasindaki-arkadasini-bicaklayan-supheliye-adli-kontrol-haberi-801226\" target=\"_blank\" class=\"feedzy-rss-link-icon\">Read More<\/a><\/p>","protected":false},"excerpt":{"rendered":"<p>Beyo\u011flu&#8217;nda tart\u0131\u015ft\u0131\u011f\u0131 13 ya\u015f\u0131ndaki arkada\u015f\u0131n\u0131 b\u0131\u00e7akla yaralayan \u015f\u00fcpheli hakk\u0131nda adli kontrol tedbiri uyguland\u0131.Beyo\u011flu&#8217;nda tart\u0131\u015ft\u0131\u011f\u0131 13 ya\u015f\u0131ndaki arkada\u015f\u0131n\u0131 b\u0131\u00e7akla yaralayan \u015f\u00fcpheli hakk\u0131nda adli kontrol tedbiri uyguland\u0131.\u00a0Read More<\/p>\n","protected":false},"author":1,"featured_media":9975,"comment_status":"open","ping_status":"open","sticky":false,"template":"","format":"standard","meta":{"footnotes":"","_links_to":"","_links_to_target":""},"categories":[1],"tags":[],"class_list":["post-9974","post","type-post","status-publish","format-standard","has-post-thumbnail","hentry","category-haberler"],"_links":{"self":[{"href":"https:\/\/www.abchukuk.com\/index.php\/wp-json\/wp\/v2\/posts\/9974","targetHints":{"allow":["GET"]}}],"collection":[{"href":"https:\/\/www.abchukuk.com\/index.php\/wp-json\/wp\/v2\/posts"}],"about":[{"href":"https:\/\/www.abchukuk.com\/index.php\/wp-json\/wp\/v2\/types\/post"}],"author":[{"embeddable":true,"href":"https:\/\/www.abchukuk.com\/index.php\/wp-json\/wp\/v2\/users\/1"}],"replies":[{"embeddable":true,"href":"https:\/\/www.abchukuk.com\/index.php\/wp-json\/wp\/v2\/comments?post=9974"}],"version-history":[{"count":0,"href":"https:\/\/www.abchukuk.com\/index.php\/wp-json\/wp\/v2\/posts\/9974\/revisions"}],"wp:featuredmedia":[{"embeddable":true,"href":"https:\/\/www.abchukuk.com\/index.php\/wp-json\/wp\/v2\/media\/9975"}],"wp:attachment":[{"href":"https:\/\/www.abchukuk.com\/index.php\/wp-json\/wp\/v2\/media?parent=9974"}],"wp:term":[{"taxonomy":"category","embeddable":true,"href":"https:\/\/www.abchukuk.com\/index.php\/wp-json\/wp\/v2\/categories?post=9974"},{"taxonomy":"post_tag","embeddable":true,"href":"https:\/\/www.abchukuk.com\/index.php\/wp-json\/wp\/v2\/tags?post=9974"}],"curies":[{"name":"wp","href":"https:\/\/api.w.org\/{rel}","templated":true}]}}