{"id":9970,"date":"2025-11-02T07:24:00","date_gmt":"2025-11-02T07:24:00","guid":{"rendered":"https:\/\/www.abchukuk.com\/index.php\/2025\/11\/02\/ingilterede-trende-bicakli-saldiri-2-kisi-gozaltina-alindi\/"},"modified":"2025-11-02T07:24:00","modified_gmt":"2025-11-02T07:24:00","slug":"ingilterede-trende-bicakli-saldiri-2-kisi-gozaltina-alindi","status":"publish","type":"post","link":"https:\/\/www.abchukuk.com\/index.php\/2025\/11\/02\/ingilterede-trende-bicakli-saldiri-2-kisi-gozaltina-alindi\/","title":{"rendered":"\u0130ngiltere\u2019de trende b\u0131\u00e7akl\u0131 sald\u0131r\u0131: 2 ki\u015fi g\u00f6zalt\u0131na al\u0131nd\u0131"},"content":{"rendered":"<p>\u0130ngiltere&#8217;nin Huntingdon kentinde bir trende meydana gelen b\u0131\u00e7akl\u0131 sald\u0131r\u0131da \u00e7ok say\u0131da ki\u015finin yaraland\u0131\u011f\u0131n\u0131 bildiren \u0130ngiltere Ula\u015ft\u0131rma Polisi (BTP), olayla ilgili 2 ki\u015finin g\u00f6zalt\u0131na al\u0131nd\u0131\u011f\u0131n\u0131 a\u00e7\u0131klad\u0131.\u0130ngiltere&#8217;nin Huntingdon kentinde bir trende meydana gelen b\u0131\u00e7akl\u0131 sald\u0131r\u0131da \u00e7ok say\u0131da ki\u015finin yaraland\u0131\u011f\u0131n\u0131 bildiren \u0130ngiltere Ula\u015ft\u0131rma Polisi (BTP), olayla ilgili 2 ki\u015finin g\u00f6zalt\u0131na al\u0131nd\u0131\u011f\u0131n\u0131 a\u00e7\u0131klad\u0131.\u00a0<a href=\"https:\/\/www.cumhuriyet.com.tr\/dunya\/ingiltere-de-trende-bicakli-saldiri-2-kisi-gozaltina-alindi-2449036\" target=\"_blank\" class=\"feedzy-rss-link-icon\">Read More<\/a><\/p>","protected":false},"excerpt":{"rendered":"<p>\u0130ngiltere&#8217;nin Huntingdon kentinde bir trende meydana gelen b\u0131\u00e7akl\u0131 sald\u0131r\u0131da \u00e7ok say\u0131da ki\u015finin yaraland\u0131\u011f\u0131n\u0131 bildiren \u0130ngiltere Ula\u015ft\u0131rma Polisi (BTP), olayla ilgili 2 ki\u015finin g\u00f6zalt\u0131na al\u0131nd\u0131\u011f\u0131n\u0131 a\u00e7\u0131klad\u0131.\u0130ngiltere&#8217;nin Huntingdon kentinde bir trende meydana gelen b\u0131\u00e7akl\u0131 sald\u0131r\u0131da \u00e7ok say\u0131da ki\u015finin yaraland\u0131\u011f\u0131n\u0131 bildiren \u0130ngiltere Ula\u015ft\u0131rma Polisi (BTP), olayla ilgili 2 ki\u015finin g\u00f6zalt\u0131na al\u0131nd\u0131\u011f\u0131n\u0131 a\u00e7\u0131klad\u0131.\u00a0Read More<\/p>\n","protected":false},"author":1,"featured_media":9971,"comment_status":"open","ping_status":"open","sticky":false,"template":"","format":"standard","meta":{"footnotes":"","_links_to":"","_links_to_target":""},"categories":[1],"tags":[],"class_list":["post-9970","post","type-post","status-publish","format-standard","has-post-thumbnail","hentry","category-haberler"],"_links":{"self":[{"href":"https:\/\/www.abchukuk.com\/index.php\/wp-json\/wp\/v2\/posts\/9970","targetHints":{"allow":["GET"]}}],"collection":[{"href":"https:\/\/www.abchukuk.com\/index.php\/wp-json\/wp\/v2\/posts"}],"about":[{"href":"https:\/\/www.abchukuk.com\/index.php\/wp-json\/wp\/v2\/types\/post"}],"author":[{"embeddable":true,"href":"https:\/\/www.abchukuk.com\/index.php\/wp-json\/wp\/v2\/users\/1"}],"replies":[{"embeddable":true,"href":"https:\/\/www.abchukuk.com\/index.php\/wp-json\/wp\/v2\/comments?post=9970"}],"version-history":[{"count":0,"href":"https:\/\/www.abchukuk.com\/index.php\/wp-json\/wp\/v2\/posts\/9970\/revisions"}],"wp:featuredmedia":[{"embeddable":true,"href":"https:\/\/www.abchukuk.com\/index.php\/wp-json\/wp\/v2\/media\/9971"}],"wp:attachment":[{"href":"https:\/\/www.abchukuk.com\/index.php\/wp-json\/wp\/v2\/media?parent=9970"}],"wp:term":[{"taxonomy":"category","embeddable":true,"href":"https:\/\/www.abchukuk.com\/index.php\/wp-json\/wp\/v2\/categories?post=9970"},{"taxonomy":"post_tag","embeddable":true,"href":"https:\/\/www.abchukuk.com\/index.php\/wp-json\/wp\/v2\/tags?post=9970"}],"curies":[{"name":"wp","href":"https:\/\/api.w.org\/{rel}","templated":true}]}}