{"id":9966,"date":"2025-11-02T05:37:00","date_gmt":"2025-11-02T05:37:00","guid":{"rendered":"https:\/\/www.abchukuk.com\/index.php\/2025\/11\/02\/bira-kasalariyla-hac-isareti-yapan-3-genc-gozaltina-alindi\/"},"modified":"2025-11-02T05:37:00","modified_gmt":"2025-11-02T05:37:00","slug":"bira-kasalariyla-hac-isareti-yapan-3-genc-gozaltina-alindi","status":"publish","type":"post","link":"https:\/\/www.abchukuk.com\/index.php\/2025\/11\/02\/bira-kasalariyla-hac-isareti-yapan-3-genc-gozaltina-alindi\/","title":{"rendered":"Bira kasalar\u0131yla ha\u00e7 i\u015fareti yapan 3 gen\u00e7 g\u00f6zalt\u0131na al\u0131nd\u0131"},"content":{"rendered":"<p>Eski\u015fehir Valili\u011fi, \u2018Cad\u0131lar Bayram\u0131\u2019 kutlamalar\u0131nda bira kasalar\u0131yla ha\u00e7 i\u015fareti yapan 3 ki\u015finin, Cumhuriyet Ba\u015fsavc\u0131l\u0131\u011f\u0131 talimat\u0131 ile g\u00f6zalt\u0131na al\u0131nd\u0131\u011f\u0131n\u0131 a\u00e7\u0131klad\u0131.Eski\u015fehir Valili\u011fi, \u2018Cad\u0131lar Bayram\u0131\u2019 kutlamalar\u0131nda bira kasalar\u0131yla ha\u00e7 i\u015fareti yapan 3 ki\u015finin, Cumhuriyet Ba\u015fsavc\u0131l\u0131\u011f\u0131 talimat\u0131 ile g\u00f6zalt\u0131na al\u0131nd\u0131\u011f\u0131n\u0131 a\u00e7\u0131klad\u0131.\u00a0<a href=\"https:\/\/www.cumhuriyet.com.tr\/turkiye\/bira-kasalariyla-hac-isareti-yapan-3-genc-gozaltina-alindi-2449010\" target=\"_blank\" class=\"feedzy-rss-link-icon\">Read More<\/a><\/p>","protected":false},"excerpt":{"rendered":"<p>Eski\u015fehir Valili\u011fi, \u2018Cad\u0131lar Bayram\u0131\u2019 kutlamalar\u0131nda bira kasalar\u0131yla ha\u00e7 i\u015fareti yapan 3 ki\u015finin, Cumhuriyet Ba\u015fsavc\u0131l\u0131\u011f\u0131 talimat\u0131 ile g\u00f6zalt\u0131na al\u0131nd\u0131\u011f\u0131n\u0131 a\u00e7\u0131klad\u0131.Eski\u015fehir Valili\u011fi, \u2018Cad\u0131lar Bayram\u0131\u2019 kutlamalar\u0131nda bira kasalar\u0131yla ha\u00e7 i\u015fareti yapan 3 ki\u015finin, Cumhuriyet Ba\u015fsavc\u0131l\u0131\u011f\u0131 talimat\u0131 ile g\u00f6zalt\u0131na al\u0131nd\u0131\u011f\u0131n\u0131 a\u00e7\u0131klad\u0131.\u00a0Read More<\/p>\n","protected":false},"author":1,"featured_media":9967,"comment_status":"open","ping_status":"open","sticky":false,"template":"","format":"standard","meta":{"footnotes":"","_links_to":"","_links_to_target":""},"categories":[1],"tags":[],"class_list":["post-9966","post","type-post","status-publish","format-standard","has-post-thumbnail","hentry","category-haberler"],"_links":{"self":[{"href":"https:\/\/www.abchukuk.com\/index.php\/wp-json\/wp\/v2\/posts\/9966","targetHints":{"allow":["GET"]}}],"collection":[{"href":"https:\/\/www.abchukuk.com\/index.php\/wp-json\/wp\/v2\/posts"}],"about":[{"href":"https:\/\/www.abchukuk.com\/index.php\/wp-json\/wp\/v2\/types\/post"}],"author":[{"embeddable":true,"href":"https:\/\/www.abchukuk.com\/index.php\/wp-json\/wp\/v2\/users\/1"}],"replies":[{"embeddable":true,"href":"https:\/\/www.abchukuk.com\/index.php\/wp-json\/wp\/v2\/comments?post=9966"}],"version-history":[{"count":0,"href":"https:\/\/www.abchukuk.com\/index.php\/wp-json\/wp\/v2\/posts\/9966\/revisions"}],"wp:featuredmedia":[{"embeddable":true,"href":"https:\/\/www.abchukuk.com\/index.php\/wp-json\/wp\/v2\/media\/9967"}],"wp:attachment":[{"href":"https:\/\/www.abchukuk.com\/index.php\/wp-json\/wp\/v2\/media?parent=9966"}],"wp:term":[{"taxonomy":"category","embeddable":true,"href":"https:\/\/www.abchukuk.com\/index.php\/wp-json\/wp\/v2\/categories?post=9966"},{"taxonomy":"post_tag","embeddable":true,"href":"https:\/\/www.abchukuk.com\/index.php\/wp-json\/wp\/v2\/tags?post=9966"}],"curies":[{"name":"wp","href":"https:\/\/api.w.org\/{rel}","templated":true}]}}