{"id":9959,"date":"2025-10-31T21:23:52","date_gmt":"2025-10-31T21:23:52","guid":{"rendered":"https:\/\/www.abchukuk.com\/index.php\/2025\/10\/31\/tutuklu-eski-akdeniz-belediye-baskani-sariyildiza-tahliye\/"},"modified":"2025-10-31T21:23:52","modified_gmt":"2025-10-31T21:23:52","slug":"tutuklu-eski-akdeniz-belediye-baskani-sariyildiza-tahliye","status":"publish","type":"post","link":"https:\/\/www.abchukuk.com\/index.php\/2025\/10\/31\/tutuklu-eski-akdeniz-belediye-baskani-sariyildiza-tahliye\/","title":{"rendered":"Tutuklu eski Akdeniz Belediye Ba\u015fkan\u0131 Sar\u0131y\u0131ld\u0131z&#8217;a tahliye"},"content":{"rendered":"<p>Mersin&#8217;de y\u00fcr\u00fct\u00fclen ter\u00f6r soru\u015fturmas\u0131 kapsam\u0131nda tutuklanan ve ard\u0131ndan g\u00f6revden uzakla\u015ft\u0131r\u0131lan Akdeniz Belediyesi Ba\u015fkan\u0131 Ho\u015fyar Sar\u0131y\u0131ld\u0131z, yard\u0131mc\u0131s\u0131 Nuriye Arslan ile Meclis \u00dcyesi \u00d6zg\u00fcr \u00c7a\u011flar, yurt d\u0131\u015f\u0131 yasa\u011f\u0131 ve adli kontrol \u015fart\u0131yla tahliye edildiMersin&#8217;de y\u00fcr\u00fct\u00fclen ter\u00f6r soru\u015fturmas\u0131 kapsam\u0131nda tutuklanan ve ard\u0131ndan g\u00f6revden uzakla\u015ft\u0131r\u0131lan Akdeniz Belediyesi Ba\u015fkan\u0131 Ho\u015fyar Sar\u0131y\u0131ld\u0131z, yard\u0131mc\u0131s\u0131 Nuriye Arslan ile Meclis \u00dcyesi \u00d6zg\u00fcr \u00c7a\u011flar, yurt d\u0131\u015f\u0131 yasa\u011f\u0131 ve adli kontrol \u015fart\u0131yla tahliye edildi\u00a0<a href=\"https:\/\/www.haberturk.com\/tutuklu-eski-akdeniz-belediye-baskani-sariyildiz-a-tahliye-3834418\" target=\"_blank\" class=\"feedzy-rss-link-icon\">Read More<\/a><\/p>","protected":false},"excerpt":{"rendered":"<p>Mersin&#8217;de y\u00fcr\u00fct\u00fclen ter\u00f6r soru\u015fturmas\u0131 kapsam\u0131nda tutuklanan ve ard\u0131ndan g\u00f6revden uzakla\u015ft\u0131r\u0131lan Akdeniz Belediyesi Ba\u015fkan\u0131 Ho\u015fyar Sar\u0131y\u0131ld\u0131z, yard\u0131mc\u0131s\u0131 Nuriye Arslan ile Meclis \u00dcyesi \u00d6zg\u00fcr \u00c7a\u011flar, yurt d\u0131\u015f\u0131 yasa\u011f\u0131 ve adli kontrol \u015fart\u0131yla tahliye edildiMersin&#8217;de y\u00fcr\u00fct\u00fclen ter\u00f6r soru\u015fturmas\u0131 kapsam\u0131nda tutuklanan ve ard\u0131ndan g\u00f6revden uzakla\u015ft\u0131r\u0131lan Akdeniz Belediyesi Ba\u015fkan\u0131 Ho\u015fyar Sar\u0131y\u0131ld\u0131z, yard\u0131mc\u0131s\u0131 Nuriye Arslan ile Meclis \u00dcyesi \u00d6zg\u00fcr \u00c7a\u011flar, yurt [&hellip;]<\/p>\n","protected":false},"author":1,"featured_media":0,"comment_status":"open","ping_status":"open","sticky":false,"template":"","format":"standard","meta":{"footnotes":"","_links_to":"","_links_to_target":""},"categories":[1],"tags":[],"class_list":["post-9959","post","type-post","status-publish","format-standard","hentry","category-haberler"],"_links":{"self":[{"href":"https:\/\/www.abchukuk.com\/index.php\/wp-json\/wp\/v2\/posts\/9959","targetHints":{"allow":["GET"]}}],"collection":[{"href":"https:\/\/www.abchukuk.com\/index.php\/wp-json\/wp\/v2\/posts"}],"about":[{"href":"https:\/\/www.abchukuk.com\/index.php\/wp-json\/wp\/v2\/types\/post"}],"author":[{"embeddable":true,"href":"https:\/\/www.abchukuk.com\/index.php\/wp-json\/wp\/v2\/users\/1"}],"replies":[{"embeddable":true,"href":"https:\/\/www.abchukuk.com\/index.php\/wp-json\/wp\/v2\/comments?post=9959"}],"version-history":[{"count":0,"href":"https:\/\/www.abchukuk.com\/index.php\/wp-json\/wp\/v2\/posts\/9959\/revisions"}],"wp:attachment":[{"href":"https:\/\/www.abchukuk.com\/index.php\/wp-json\/wp\/v2\/media?parent=9959"}],"wp:term":[{"taxonomy":"category","embeddable":true,"href":"https:\/\/www.abchukuk.com\/index.php\/wp-json\/wp\/v2\/categories?post=9959"},{"taxonomy":"post_tag","embeddable":true,"href":"https:\/\/www.abchukuk.com\/index.php\/wp-json\/wp\/v2\/tags?post=9959"}],"curies":[{"name":"wp","href":"https:\/\/api.w.org\/{rel}","templated":true}]}}