{"id":9953,"date":"2025-11-01T18:01:00","date_gmt":"2025-11-01T18:01:00","guid":{"rendered":"https:\/\/www.abchukuk.com\/index.php\/2025\/11\/01\/17-yillik-hukuk-savasi-son-buldu-bogazdaki-tarihi-yali-rus-mirascilara-kaldi\/"},"modified":"2025-11-01T18:01:00","modified_gmt":"2025-11-01T18:01:00","slug":"17-yillik-hukuk-savasi-son-buldu-bogazdaki-tarihi-yali-rus-mirascilara-kaldi","status":"publish","type":"post","link":"https:\/\/www.abchukuk.com\/index.php\/2025\/11\/01\/17-yillik-hukuk-savasi-son-buldu-bogazdaki-tarihi-yali-rus-mirascilara-kaldi\/","title":{"rendered":"17 y\u0131ll\u0131k hukuk sava\u015f\u0131 son buldu: Bo\u011faz&#8217;daki tarihi yal\u0131, Rus\u00a0miras\u00e7\u0131lara kald\u0131"},"content":{"rendered":"<p>\u0130stanbul&#8217;un Tarabya semtinde bulunan ve Rusya&#8217;n\u0131n temsilcilik binas\u0131 olarak uzun y\u0131llar kullan\u0131lan tarihi yal\u0131, 17 y\u0131l s\u00fcren miras davas\u0131n\u0131n ard\u0131ndan Rus el\u00e7ilik \u00e7al\u0131\u015fan\u0131n\u0131n miras\u00e7\u0131lar\u0131na kald\u0131. \u0130stanbul Asliye Hukuk Mahkemesi, yal\u0131 ve \u00e7evresindeki arazinin m\u00fclkiyetini Ruslara devretti.\u0130stanbul&#8217;un Tarabya semtinde bulunan ve Rusya&#8217;n\u0131n temsilcilik binas\u0131 olarak uzun y\u0131llar kullan\u0131lan tarihi yal\u0131, 17 y\u0131l s\u00fcren miras davas\u0131n\u0131n ard\u0131ndan Rus el\u00e7ilik \u00e7al\u0131\u015fan\u0131n\u0131n miras\u00e7\u0131lar\u0131na kald\u0131. \u0130stanbul Asliye Hukuk Mahkemesi, yal\u0131 ve \u00e7evresindeki arazinin m\u00fclkiyetini Ruslara devretti.\u00a0<a href=\"https:\/\/www.dunya.com\/gundem\/17-yillik-hukuk-savasi-son-buldu-bogazdaki-tarihi-yali-rus-mirascilara-kaldi-haberi-801182\" target=\"_blank\" class=\"feedzy-rss-link-icon\">Read More<\/a><\/p>","protected":false},"excerpt":{"rendered":"<p>\u0130stanbul&#8217;un Tarabya semtinde bulunan ve Rusya&#8217;n\u0131n temsilcilik binas\u0131 olarak uzun y\u0131llar kullan\u0131lan tarihi yal\u0131, 17 y\u0131l s\u00fcren miras davas\u0131n\u0131n ard\u0131ndan Rus el\u00e7ilik \u00e7al\u0131\u015fan\u0131n\u0131n miras\u00e7\u0131lar\u0131na kald\u0131. \u0130stanbul Asliye Hukuk Mahkemesi, yal\u0131 ve \u00e7evresindeki arazinin m\u00fclkiyetini Ruslara devretti.\u0130stanbul&#8217;un Tarabya semtinde bulunan ve Rusya&#8217;n\u0131n temsilcilik binas\u0131 olarak uzun y\u0131llar kullan\u0131lan tarihi yal\u0131, 17 y\u0131l s\u00fcren miras davas\u0131n\u0131n ard\u0131ndan [&hellip;]<\/p>\n","protected":false},"author":1,"featured_media":9954,"comment_status":"open","ping_status":"open","sticky":false,"template":"","format":"standard","meta":{"footnotes":"","_links_to":"","_links_to_target":""},"categories":[1],"tags":[],"class_list":["post-9953","post","type-post","status-publish","format-standard","has-post-thumbnail","hentry","category-haberler"],"_links":{"self":[{"href":"https:\/\/www.abchukuk.com\/index.php\/wp-json\/wp\/v2\/posts\/9953","targetHints":{"allow":["GET"]}}],"collection":[{"href":"https:\/\/www.abchukuk.com\/index.php\/wp-json\/wp\/v2\/posts"}],"about":[{"href":"https:\/\/www.abchukuk.com\/index.php\/wp-json\/wp\/v2\/types\/post"}],"author":[{"embeddable":true,"href":"https:\/\/www.abchukuk.com\/index.php\/wp-json\/wp\/v2\/users\/1"}],"replies":[{"embeddable":true,"href":"https:\/\/www.abchukuk.com\/index.php\/wp-json\/wp\/v2\/comments?post=9953"}],"version-history":[{"count":0,"href":"https:\/\/www.abchukuk.com\/index.php\/wp-json\/wp\/v2\/posts\/9953\/revisions"}],"wp:featuredmedia":[{"embeddable":true,"href":"https:\/\/www.abchukuk.com\/index.php\/wp-json\/wp\/v2\/media\/9954"}],"wp:attachment":[{"href":"https:\/\/www.abchukuk.com\/index.php\/wp-json\/wp\/v2\/media?parent=9953"}],"wp:term":[{"taxonomy":"category","embeddable":true,"href":"https:\/\/www.abchukuk.com\/index.php\/wp-json\/wp\/v2\/categories?post=9953"},{"taxonomy":"post_tag","embeddable":true,"href":"https:\/\/www.abchukuk.com\/index.php\/wp-json\/wp\/v2\/tags?post=9953"}],"curies":[{"name":"wp","href":"https:\/\/api.w.org\/{rel}","templated":true}]}}