{"id":9949,"date":"2025-11-01T17:04:00","date_gmt":"2025-11-01T17:04:00","guid":{"rendered":"https:\/\/www.abchukuk.com\/index.php\/2025\/11\/01\/adalet-bakani-tunc-artik-terorsuz-turkiyeyi-insa-ediyoruz\/"},"modified":"2025-11-01T17:04:00","modified_gmt":"2025-11-01T17:04:00","slug":"adalet-bakani-tunc-artik-terorsuz-turkiyeyi-insa-ediyoruz","status":"publish","type":"post","link":"https:\/\/www.abchukuk.com\/index.php\/2025\/11\/01\/adalet-bakani-tunc-artik-terorsuz-turkiyeyi-insa-ediyoruz\/","title":{"rendered":"Adalet Bakan\u0131 Tun\u00e7: Art\u0131k Ter\u00f6rs\u00fcz T\u00fcrkiye&#8217;yi in\u015fa ediyoruz"},"content":{"rendered":"<p>Hazine ve Maliye Bakan\u0131 Y\u0131lmaz Tun\u00e7, Besni Adalet Saray\u0131&#8217;n\u0131n a\u00e7\u0131l\u0131\u015f\u0131nda yapt\u0131\u011f\u0131 konu\u015fmada, deprem b\u00f6lgesindeki hukuki s\u00fcre\u00e7lerin h\u0131zla ilerledi\u011fini belirterek, \u015fu ana kadar 116 bin davan\u0131n a\u00e7\u0131ld\u0131\u011f\u0131n\u0131 ve bunlardan y\u00fczde 90\u2019\u0131n\u0131n karara ba\u011fland\u0131\u011f\u0131n\u0131 s\u00f6yledi. Ayr\u0131ca, ter\u00f6rs\u00fcz bir T\u00fcrkiye hedefiyle adalet sisteminde de \u00f6nemli reformlar ger\u00e7ekle\u015ftirdiklerini vurgulad\u0131.Hazine ve Maliye Bakan\u0131 Y\u0131lmaz Tun\u00e7, Besni Adalet Saray\u0131&#8217;n\u0131n a\u00e7\u0131l\u0131\u015f\u0131nda yapt\u0131\u011f\u0131 konu\u015fmada, deprem b\u00f6lgesindeki hukuki s\u00fcre\u00e7lerin h\u0131zla ilerledi\u011fini belirterek, \u015fu ana kadar 116 bin davan\u0131n a\u00e7\u0131ld\u0131\u011f\u0131n\u0131 ve bunlardan y\u00fczde 90\u2019\u0131n\u0131n karara ba\u011fland\u0131\u011f\u0131n\u0131 s\u00f6yledi. Ayr\u0131ca, ter\u00f6rs\u00fcz bir T\u00fcrkiye hedefiyle adalet sisteminde de \u00f6nemli reformlar ger\u00e7ekle\u015ftirdiklerini vurgulad\u0131.\u00a0<a href=\"https:\/\/www.dunya.com\/gundem\/adalet-bakani-tunc-artik-terorsuz-turkiyeyi-insa-ediyoruz-haberi-801180\" target=\"_blank\" class=\"feedzy-rss-link-icon\">Read More<\/a><\/p>","protected":false},"excerpt":{"rendered":"<p>Hazine ve Maliye Bakan\u0131 Y\u0131lmaz Tun\u00e7, Besni Adalet Saray\u0131&#8217;n\u0131n a\u00e7\u0131l\u0131\u015f\u0131nda yapt\u0131\u011f\u0131 konu\u015fmada, deprem b\u00f6lgesindeki hukuki s\u00fcre\u00e7lerin h\u0131zla ilerledi\u011fini belirterek, \u015fu ana kadar 116 bin davan\u0131n a\u00e7\u0131ld\u0131\u011f\u0131n\u0131 ve bunlardan y\u00fczde 90\u2019\u0131n\u0131n karara ba\u011fland\u0131\u011f\u0131n\u0131 s\u00f6yledi. Ayr\u0131ca, ter\u00f6rs\u00fcz bir T\u00fcrkiye hedefiyle adalet sisteminde de \u00f6nemli reformlar ger\u00e7ekle\u015ftirdiklerini vurgulad\u0131.Hazine ve Maliye Bakan\u0131 Y\u0131lmaz Tun\u00e7, Besni Adalet Saray\u0131&#8217;n\u0131n a\u00e7\u0131l\u0131\u015f\u0131nda yapt\u0131\u011f\u0131 [&hellip;]<\/p>\n","protected":false},"author":1,"featured_media":9950,"comment_status":"open","ping_status":"open","sticky":false,"template":"","format":"standard","meta":{"footnotes":"","_links_to":"","_links_to_target":""},"categories":[1],"tags":[],"class_list":["post-9949","post","type-post","status-publish","format-standard","has-post-thumbnail","hentry","category-haberler"],"_links":{"self":[{"href":"https:\/\/www.abchukuk.com\/index.php\/wp-json\/wp\/v2\/posts\/9949","targetHints":{"allow":["GET"]}}],"collection":[{"href":"https:\/\/www.abchukuk.com\/index.php\/wp-json\/wp\/v2\/posts"}],"about":[{"href":"https:\/\/www.abchukuk.com\/index.php\/wp-json\/wp\/v2\/types\/post"}],"author":[{"embeddable":true,"href":"https:\/\/www.abchukuk.com\/index.php\/wp-json\/wp\/v2\/users\/1"}],"replies":[{"embeddable":true,"href":"https:\/\/www.abchukuk.com\/index.php\/wp-json\/wp\/v2\/comments?post=9949"}],"version-history":[{"count":0,"href":"https:\/\/www.abchukuk.com\/index.php\/wp-json\/wp\/v2\/posts\/9949\/revisions"}],"wp:featuredmedia":[{"embeddable":true,"href":"https:\/\/www.abchukuk.com\/index.php\/wp-json\/wp\/v2\/media\/9950"}],"wp:attachment":[{"href":"https:\/\/www.abchukuk.com\/index.php\/wp-json\/wp\/v2\/media?parent=9949"}],"wp:term":[{"taxonomy":"category","embeddable":true,"href":"https:\/\/www.abchukuk.com\/index.php\/wp-json\/wp\/v2\/categories?post=9949"},{"taxonomy":"post_tag","embeddable":true,"href":"https:\/\/www.abchukuk.com\/index.php\/wp-json\/wp\/v2\/tags?post=9949"}],"curies":[{"name":"wp","href":"https:\/\/api.w.org\/{rel}","templated":true}]}}