{"id":9943,"date":"2025-11-01T15:38:00","date_gmt":"2025-11-01T15:38:00","guid":{"rendered":"https:\/\/www.abchukuk.com\/index.php\/2025\/11\/01\/bayrampasada-yeni-yonetimin-ilk-icraati-secilmis-baskani-takipten-cikardilar\/"},"modified":"2025-11-01T15:38:00","modified_gmt":"2025-11-01T15:38:00","slug":"bayrampasada-yeni-yonetimin-ilk-icraati-secilmis-baskani-takipten-cikardilar","status":"publish","type":"post","link":"https:\/\/www.abchukuk.com\/index.php\/2025\/11\/01\/bayrampasada-yeni-yonetimin-ilk-icraati-secilmis-baskani-takipten-cikardilar\/","title":{"rendered":"Bayrampa\u015fa\u2019da yeni y\u00f6netimin ilk icraat\u0131: Se\u00e7ilmi\u015f ba\u015fkan\u0131 takipten \u00e7\u0131kard\u0131lar!"},"content":{"rendered":"<p>CHP Bayrampa\u015fa Grup S\u00f6zc\u00fcs\u00fc Seda T\u00fcrko\u011flu \u00c7am, belediyede g\u00f6reve gelen yeni y\u00f6netimin, se\u00e7ilmi\u015f Belediye Ba\u015fkan\u0131 Hasan Mutlu\u2019yu kurumun resmi sosyal medya hesaplar\u0131ndan takipten \u00e7\u0131kard\u0131\u011f\u0131n\u0131 a\u00e7\u0131klad\u0131. \u00c7am, \u201cBu uygulamay\u0131 \u015fimdiye kadar yaln\u0131zca kayyum y\u00f6netimlerinde g\u00f6rd\u00fck. Yoksa Bayrampa\u015fa fiili olarak kayyumla m\u0131 y\u00f6netiliyor?\u201d diyerek tepki g\u00f6sterdi.CHP Bayrampa\u015fa Grup S\u00f6zc\u00fcs\u00fc Seda T\u00fcrko\u011flu \u00c7am, belediyede g\u00f6reve gelen yeni y\u00f6netimin, se\u00e7ilmi\u015f Belediye Ba\u015fkan\u0131 Hasan Mutlu\u2019yu kurumun resmi sosyal medya hesaplar\u0131ndan takipten \u00e7\u0131kard\u0131\u011f\u0131n\u0131 a\u00e7\u0131klad\u0131. \u00c7am, \u201cBu uygulamay\u0131 \u015fimdiye kadar yaln\u0131zca kayyum y\u00f6netimlerinde g\u00f6rd\u00fck. Yoksa Bayrampa\u015fa fiili olarak kayyumla m\u0131 y\u00f6netiliyor?\u201d diyerek tepki g\u00f6sterdi.\u00a0<a href=\"https:\/\/www.cumhuriyet.com.tr\/turkiye\/bayrampasa-da-yeni-yonetimin-ilk-icraati-secilmis-baskani-takipten-cikardilar-2448917\" target=\"_blank\" class=\"feedzy-rss-link-icon\">Read More<\/a><\/p>","protected":false},"excerpt":{"rendered":"<p>CHP Bayrampa\u015fa Grup S\u00f6zc\u00fcs\u00fc Seda T\u00fcrko\u011flu \u00c7am, belediyede g\u00f6reve gelen yeni y\u00f6netimin, se\u00e7ilmi\u015f Belediye Ba\u015fkan\u0131 Hasan Mutlu\u2019yu kurumun resmi sosyal medya hesaplar\u0131ndan takipten \u00e7\u0131kard\u0131\u011f\u0131n\u0131 a\u00e7\u0131klad\u0131. \u00c7am, \u201cBu uygulamay\u0131 \u015fimdiye kadar yaln\u0131zca kayyum y\u00f6netimlerinde g\u00f6rd\u00fck. Yoksa Bayrampa\u015fa fiili olarak kayyumla m\u0131 y\u00f6netiliyor?\u201d diyerek tepki g\u00f6sterdi.CHP Bayrampa\u015fa Grup S\u00f6zc\u00fcs\u00fc Seda T\u00fcrko\u011flu \u00c7am, belediyede g\u00f6reve gelen yeni y\u00f6netimin, [&hellip;]<\/p>\n","protected":false},"author":1,"featured_media":9944,"comment_status":"open","ping_status":"open","sticky":false,"template":"","format":"standard","meta":{"footnotes":"","_links_to":"","_links_to_target":""},"categories":[1],"tags":[],"class_list":["post-9943","post","type-post","status-publish","format-standard","has-post-thumbnail","hentry","category-haberler"],"_links":{"self":[{"href":"https:\/\/www.abchukuk.com\/index.php\/wp-json\/wp\/v2\/posts\/9943","targetHints":{"allow":["GET"]}}],"collection":[{"href":"https:\/\/www.abchukuk.com\/index.php\/wp-json\/wp\/v2\/posts"}],"about":[{"href":"https:\/\/www.abchukuk.com\/index.php\/wp-json\/wp\/v2\/types\/post"}],"author":[{"embeddable":true,"href":"https:\/\/www.abchukuk.com\/index.php\/wp-json\/wp\/v2\/users\/1"}],"replies":[{"embeddable":true,"href":"https:\/\/www.abchukuk.com\/index.php\/wp-json\/wp\/v2\/comments?post=9943"}],"version-history":[{"count":0,"href":"https:\/\/www.abchukuk.com\/index.php\/wp-json\/wp\/v2\/posts\/9943\/revisions"}],"wp:featuredmedia":[{"embeddable":true,"href":"https:\/\/www.abchukuk.com\/index.php\/wp-json\/wp\/v2\/media\/9944"}],"wp:attachment":[{"href":"https:\/\/www.abchukuk.com\/index.php\/wp-json\/wp\/v2\/media?parent=9943"}],"wp:term":[{"taxonomy":"category","embeddable":true,"href":"https:\/\/www.abchukuk.com\/index.php\/wp-json\/wp\/v2\/categories?post=9943"},{"taxonomy":"post_tag","embeddable":true,"href":"https:\/\/www.abchukuk.com\/index.php\/wp-json\/wp\/v2\/tags?post=9943"}],"curies":[{"name":"wp","href":"https:\/\/api.w.org\/{rel}","templated":true}]}}