{"id":9940,"date":"2025-11-01T13:41:00","date_gmt":"2025-11-01T13:41:00","guid":{"rendered":"https:\/\/www.abchukuk.com\/index.php\/2025\/11\/01\/adalet-pesinde-aileleri-platformu-6-subat-depremlerinin-bininci-gununde-seslendi-mezarliga-gittigimizde-adalet-yerini-buldu-demek-istiyoruz\/"},"modified":"2025-11-01T13:41:00","modified_gmt":"2025-11-01T13:41:00","slug":"adalet-pesinde-aileleri-platformu-6-subat-depremlerinin-bininci-gununde-seslendi-mezarliga-gittigimizde-adalet-yerini-buldu-demek-istiyoruz","status":"publish","type":"post","link":"https:\/\/www.abchukuk.com\/index.php\/2025\/11\/01\/adalet-pesinde-aileleri-platformu-6-subat-depremlerinin-bininci-gununde-seslendi-mezarliga-gittigimizde-adalet-yerini-buldu-demek-istiyoruz\/","title":{"rendered":"Adalet Pe\u015finde Aileleri Platformu, 6 \u015eubat depremlerinin bininci g\u00fcn\u00fcnde seslendi: Mezarl\u0131\u011fa gitti\u011fimizde, &#8216;adalet yerini buldu&#8217; demek istiyoruz!"},"content":{"rendered":"<p>6 \u015eubat depremlerinin bininci g\u00fcn\u00fcnde Adalet Pe\u015finde Aileleri Platformu \u00fcyeleri, Adalet Bakanl\u0131\u011f\u0131 \u00f6n\u00fcnde bir araya gelerek adalet taleplerini yineledi. Platfrom s\u00f6zc\u00fcs\u00fc D\u00f6na Kaya, Adalet Bakan\u0131 Y\u0131lmaz Tun\u00e7&#8217;a seslenerek, &#8220;53 bin insan i\u00e7in adaleti bir an \u00f6nce sa\u011flay\u0131n. Ma\u011fdur aileler art\u0131k gecikmeyi de\u011fil, adaleti g\u00f6rmek istiyor. 6 \u015eubat 2023&#8217;te birlikte \u00f6ld\u00fck. \u015eimdi, birlikte adaleti sa\u011flayaca\u011f\u0131z&#8221; dedi.6 \u015eubat depremlerinin bininci g\u00fcn\u00fcnde Adalet Pe\u015finde Aileleri Platformu \u00fcyeleri, Adalet Bakanl\u0131\u011f\u0131 \u00f6n\u00fcnde bir araya gelerek adalet taleplerini yineledi. Platfrom s\u00f6zc\u00fcs\u00fc D\u00f6na Kaya, Adalet Bakan\u0131 Y\u0131lmaz Tun\u00e7&#8217;a seslenerek, &#8220;53 bin insan i\u00e7in adaleti bir an \u00f6nce sa\u011flay\u0131n. Ma\u011fdur aileler art\u0131k gecikmeyi de\u011fil, adaleti g\u00f6rmek istiyor. 6 \u015eubat 2023&#8217;te birlikte \u00f6ld\u00fck. \u015eimdi, birlikte adaleti sa\u011flayaca\u011f\u0131z&#8221; dedi.\u00a0<a href=\"https:\/\/www.cumhuriyet.com.tr\/turkiye\/adalet-pesinde-aileleri-platformu-6-subat-depremlerinin-bininci-gununde-seslendi-mezarliga-gittigimizde-adalet-yerini-buldu-demek-istiyoruz-2448876\" target=\"_blank\" class=\"feedzy-rss-link-icon\">Read More<\/a><\/p>","protected":false},"excerpt":{"rendered":"<p>6 \u015eubat depremlerinin bininci g\u00fcn\u00fcnde Adalet Pe\u015finde Aileleri Platformu \u00fcyeleri, Adalet Bakanl\u0131\u011f\u0131 \u00f6n\u00fcnde bir araya gelerek adalet taleplerini yineledi. Platfrom s\u00f6zc\u00fcs\u00fc D\u00f6na Kaya, Adalet Bakan\u0131 Y\u0131lmaz Tun\u00e7&#8217;a seslenerek, &#8220;53 bin insan i\u00e7in adaleti bir an \u00f6nce sa\u011flay\u0131n. Ma\u011fdur aileler art\u0131k gecikmeyi de\u011fil, adaleti g\u00f6rmek istiyor. 6 \u015eubat 2023&#8217;te birlikte \u00f6ld\u00fck. \u015eimdi, birlikte adaleti sa\u011flayaca\u011f\u0131z&#8221; dedi.6 [&hellip;]<\/p>\n","protected":false},"author":1,"featured_media":9941,"comment_status":"open","ping_status":"open","sticky":false,"template":"","format":"standard","meta":{"footnotes":"","_links_to":"","_links_to_target":""},"categories":[1],"tags":[],"class_list":["post-9940","post","type-post","status-publish","format-standard","has-post-thumbnail","hentry","category-haberler"],"_links":{"self":[{"href":"https:\/\/www.abchukuk.com\/index.php\/wp-json\/wp\/v2\/posts\/9940","targetHints":{"allow":["GET"]}}],"collection":[{"href":"https:\/\/www.abchukuk.com\/index.php\/wp-json\/wp\/v2\/posts"}],"about":[{"href":"https:\/\/www.abchukuk.com\/index.php\/wp-json\/wp\/v2\/types\/post"}],"author":[{"embeddable":true,"href":"https:\/\/www.abchukuk.com\/index.php\/wp-json\/wp\/v2\/users\/1"}],"replies":[{"embeddable":true,"href":"https:\/\/www.abchukuk.com\/index.php\/wp-json\/wp\/v2\/comments?post=9940"}],"version-history":[{"count":0,"href":"https:\/\/www.abchukuk.com\/index.php\/wp-json\/wp\/v2\/posts\/9940\/revisions"}],"wp:featuredmedia":[{"embeddable":true,"href":"https:\/\/www.abchukuk.com\/index.php\/wp-json\/wp\/v2\/media\/9941"}],"wp:attachment":[{"href":"https:\/\/www.abchukuk.com\/index.php\/wp-json\/wp\/v2\/media?parent=9940"}],"wp:term":[{"taxonomy":"category","embeddable":true,"href":"https:\/\/www.abchukuk.com\/index.php\/wp-json\/wp\/v2\/categories?post=9940"},{"taxonomy":"post_tag","embeddable":true,"href":"https:\/\/www.abchukuk.com\/index.php\/wp-json\/wp\/v2\/tags?post=9940"}],"curies":[{"name":"wp","href":"https:\/\/api.w.org\/{rel}","templated":true}]}}