{"id":9931,"date":"2025-11-01T09:02:00","date_gmt":"2025-11-01T09:02:00","guid":{"rendered":"https:\/\/www.abchukuk.com\/index.php\/2025\/11\/01\/son-dakika-thodex-kurucusu-fatih-ozer-cezaevinde-olu-bulundu\/"},"modified":"2025-11-01T09:02:00","modified_gmt":"2025-11-01T09:02:00","slug":"son-dakika-thodex-kurucusu-fatih-ozer-cezaevinde-olu-bulundu","status":"publish","type":"post","link":"https:\/\/www.abchukuk.com\/index.php\/2025\/11\/01\/son-dakika-thodex-kurucusu-fatih-ozer-cezaevinde-olu-bulundu\/","title":{"rendered":"Son dakika&#8230; Thodex kurucusu Fatih \u00d6zer cezaevinde \u00f6l\u00fc bulundu"},"content":{"rendered":"<p>Kripto para borsas\u0131 Thodex&#8217;in kurucusu ve \u00e7ok say\u0131da ki\u015fiyi doland\u0131rd\u0131\u011f\u0131 gerek\u00e7esiyle tutuklanan Faruk Fatih \u00d6zer, kald\u0131\u011f\u0131 Tekirda\u011f F Tipi Y\u00fcksek G\u00fcvenlikli Kapal\u0131 Ceza \u0130nfaz Kurumu&#8217;ndaki odas\u0131nda as\u0131l\u0131 halde \u00f6l\u00fc bulundu.Kripto para borsas\u0131 Thodex&#8217;in kurucusu ve \u00e7ok say\u0131da ki\u015fiyi doland\u0131rd\u0131\u011f\u0131 gerek\u00e7esiyle tutuklanan Faruk Fatih \u00d6zer, kald\u0131\u011f\u0131 Tekirda\u011f F Tipi Y\u00fcksek G\u00fcvenlikli Kapal\u0131 Ceza \u0130nfaz Kurumu&#8217;ndaki odas\u0131nda as\u0131l\u0131 halde \u00f6l\u00fc bulundu.\u00a0<a href=\"https:\/\/www.cumhuriyet.com.tr\/turkiye\/son-dakika-thodex-kurucusu-fatih-ozer-cezaevinde-olu-bulundu-2448799\" target=\"_blank\" class=\"feedzy-rss-link-icon\">Read More<\/a><\/p>","protected":false},"excerpt":{"rendered":"<p>Kripto para borsas\u0131 Thodex&#8217;in kurucusu ve \u00e7ok say\u0131da ki\u015fiyi doland\u0131rd\u0131\u011f\u0131 gerek\u00e7esiyle tutuklanan Faruk Fatih \u00d6zer, kald\u0131\u011f\u0131 Tekirda\u011f F Tipi Y\u00fcksek G\u00fcvenlikli Kapal\u0131 Ceza \u0130nfaz Kurumu&#8217;ndaki odas\u0131nda as\u0131l\u0131 halde \u00f6l\u00fc bulundu.Kripto para borsas\u0131 Thodex&#8217;in kurucusu ve \u00e7ok say\u0131da ki\u015fiyi doland\u0131rd\u0131\u011f\u0131 gerek\u00e7esiyle tutuklanan Faruk Fatih \u00d6zer, kald\u0131\u011f\u0131 Tekirda\u011f F Tipi Y\u00fcksek G\u00fcvenlikli Kapal\u0131 Ceza \u0130nfaz Kurumu&#8217;ndaki odas\u0131nda [&hellip;]<\/p>\n","protected":false},"author":1,"featured_media":9932,"comment_status":"open","ping_status":"open","sticky":false,"template":"","format":"standard","meta":{"footnotes":"","_links_to":"","_links_to_target":""},"categories":[1],"tags":[],"class_list":["post-9931","post","type-post","status-publish","format-standard","has-post-thumbnail","hentry","category-haberler"],"_links":{"self":[{"href":"https:\/\/www.abchukuk.com\/index.php\/wp-json\/wp\/v2\/posts\/9931","targetHints":{"allow":["GET"]}}],"collection":[{"href":"https:\/\/www.abchukuk.com\/index.php\/wp-json\/wp\/v2\/posts"}],"about":[{"href":"https:\/\/www.abchukuk.com\/index.php\/wp-json\/wp\/v2\/types\/post"}],"author":[{"embeddable":true,"href":"https:\/\/www.abchukuk.com\/index.php\/wp-json\/wp\/v2\/users\/1"}],"replies":[{"embeddable":true,"href":"https:\/\/www.abchukuk.com\/index.php\/wp-json\/wp\/v2\/comments?post=9931"}],"version-history":[{"count":0,"href":"https:\/\/www.abchukuk.com\/index.php\/wp-json\/wp\/v2\/posts\/9931\/revisions"}],"wp:featuredmedia":[{"embeddable":true,"href":"https:\/\/www.abchukuk.com\/index.php\/wp-json\/wp\/v2\/media\/9932"}],"wp:attachment":[{"href":"https:\/\/www.abchukuk.com\/index.php\/wp-json\/wp\/v2\/media?parent=9931"}],"wp:term":[{"taxonomy":"category","embeddable":true,"href":"https:\/\/www.abchukuk.com\/index.php\/wp-json\/wp\/v2\/categories?post=9931"},{"taxonomy":"post_tag","embeddable":true,"href":"https:\/\/www.abchukuk.com\/index.php\/wp-json\/wp\/v2\/tags?post=9931"}],"curies":[{"name":"wp","href":"https:\/\/api.w.org\/{rel}","templated":true}]}}