{"id":9927,"date":"2025-11-01T09:51:00","date_gmt":"2025-11-01T09:51:00","guid":{"rendered":"https:\/\/www.abchukuk.com\/index.php\/2025\/11\/01\/osman-kavala-icin-tutuklulugunun-8inci-yilinda-destek-mesajlari\/"},"modified":"2025-11-01T09:51:00","modified_gmt":"2025-11-01T09:51:00","slug":"osman-kavala-icin-tutuklulugunun-8inci-yilinda-destek-mesajlari","status":"publish","type":"post","link":"https:\/\/www.abchukuk.com\/index.php\/2025\/11\/01\/osman-kavala-icin-tutuklulugunun-8inci-yilinda-destek-mesajlari\/","title":{"rendered":"Osman Kavala i\u00e7in tutuklulu\u011funun 8&#8217;inci y\u0131l\u0131nda destek mesajlar\u0131"},"content":{"rendered":"<p>Cezaevinde 8. y\u0131l\u0131n\u0131 dolduran Gezi davas\u0131 tutuklu Osman Kavala i\u00e7in siyaset, hukuk, bas\u0131n d\u00fcnyas\u0131ndan bir\u00e7ok isim destek mesaj\u0131 payla\u015ft\u0131.Cezaevinde 8. y\u0131l\u0131n\u0131 dolduran Gezi davas\u0131 tutuklu Osman Kavala i\u00e7in siyaset, hukuk, bas\u0131n d\u00fcnyas\u0131ndan bir\u00e7ok isim destek mesaj\u0131 payla\u015ft\u0131.\u00a0<a href=\"https:\/\/www.cumhuriyet.com.tr\/siyaset\/osman-kavala-icin-tutuklulugunun-8-inci-yilinda-destek-mesajlari-2448811\" target=\"_blank\" class=\"feedzy-rss-link-icon\">Read More<\/a><\/p>","protected":false},"excerpt":{"rendered":"<p>Cezaevinde 8. y\u0131l\u0131n\u0131 dolduran Gezi davas\u0131 tutuklu Osman Kavala i\u00e7in siyaset, hukuk, bas\u0131n d\u00fcnyas\u0131ndan bir\u00e7ok isim destek mesaj\u0131 payla\u015ft\u0131.Cezaevinde 8. y\u0131l\u0131n\u0131 dolduran Gezi davas\u0131 tutuklu Osman Kavala i\u00e7in siyaset, hukuk, bas\u0131n d\u00fcnyas\u0131ndan bir\u00e7ok isim destek mesaj\u0131 payla\u015ft\u0131.\u00a0Read More<\/p>\n","protected":false},"author":1,"featured_media":9928,"comment_status":"open","ping_status":"open","sticky":false,"template":"","format":"standard","meta":{"footnotes":"","_links_to":"","_links_to_target":""},"categories":[1],"tags":[],"class_list":["post-9927","post","type-post","status-publish","format-standard","has-post-thumbnail","hentry","category-haberler"],"_links":{"self":[{"href":"https:\/\/www.abchukuk.com\/index.php\/wp-json\/wp\/v2\/posts\/9927","targetHints":{"allow":["GET"]}}],"collection":[{"href":"https:\/\/www.abchukuk.com\/index.php\/wp-json\/wp\/v2\/posts"}],"about":[{"href":"https:\/\/www.abchukuk.com\/index.php\/wp-json\/wp\/v2\/types\/post"}],"author":[{"embeddable":true,"href":"https:\/\/www.abchukuk.com\/index.php\/wp-json\/wp\/v2\/users\/1"}],"replies":[{"embeddable":true,"href":"https:\/\/www.abchukuk.com\/index.php\/wp-json\/wp\/v2\/comments?post=9927"}],"version-history":[{"count":0,"href":"https:\/\/www.abchukuk.com\/index.php\/wp-json\/wp\/v2\/posts\/9927\/revisions"}],"wp:featuredmedia":[{"embeddable":true,"href":"https:\/\/www.abchukuk.com\/index.php\/wp-json\/wp\/v2\/media\/9928"}],"wp:attachment":[{"href":"https:\/\/www.abchukuk.com\/index.php\/wp-json\/wp\/v2\/media?parent=9927"}],"wp:term":[{"taxonomy":"category","embeddable":true,"href":"https:\/\/www.abchukuk.com\/index.php\/wp-json\/wp\/v2\/categories?post=9927"},{"taxonomy":"post_tag","embeddable":true,"href":"https:\/\/www.abchukuk.com\/index.php\/wp-json\/wp\/v2\/tags?post=9927"}],"curies":[{"name":"wp","href":"https:\/\/api.w.org\/{rel}","templated":true}]}}