{"id":9925,"date":"2025-11-01T10:05:00","date_gmt":"2025-11-01T10:05:00","guid":{"rendered":"https:\/\/www.abchukuk.com\/index.php\/2025\/11\/01\/iktidar-imamoglunun-goruntulerinden-rahatsiz-olmustu-bassavciliktan-cezaevi-durusmalari-icin-yeni-adim\/"},"modified":"2025-11-01T10:05:00","modified_gmt":"2025-11-01T10:05:00","slug":"iktidar-imamoglunun-goruntulerinden-rahatsiz-olmustu-bassavciliktan-cezaevi-durusmalari-icin-yeni-adim","status":"publish","type":"post","link":"https:\/\/www.abchukuk.com\/index.php\/2025\/11\/01\/iktidar-imamoglunun-goruntulerinden-rahatsiz-olmustu-bassavciliktan-cezaevi-durusmalari-icin-yeni-adim\/","title":{"rendered":"\u0130ktidar \u0130mamo\u011flu&#8217;nun g\u00f6r\u00fcnt\u00fclerinden &#8216;rahats\u0131z&#8217; olmu\u015ftu: Ba\u015fsavc\u0131l\u0131ktan cezaevi duru\u015fmalar\u0131 i\u00e7in yeni ad\u0131m!"},"content":{"rendered":"<p>Ekrem \u0130mamo\u011flu\u2019nun \u201cdiploma\u201d davas\u0131ndaki g\u00f6r\u00fcnt\u00fclerin iktidar kanad\u0131nda tepki \u00e7ekmesinin ard\u0131ndan, cezaevi kamp\u00fcslerindeki duru\u015fma d\u00fczenine ili\u015fkin yeni bir ad\u0131m at\u0131ld\u0131. Bak\u0131rk\u00f6y Ba\u015fsavc\u0131l\u0131\u011f\u0131, t\u00fcm duru\u015fmalar\u0131n planlama ve koordinasyonunu tek elden y\u00fcr\u00fctecek. \u0130\u015fte ayr\u0131nt\u0131lar&#8230;Ekrem \u0130mamo\u011flu\u2019nun \u201cdiploma\u201d davas\u0131ndaki g\u00f6r\u00fcnt\u00fclerin iktidar kanad\u0131nda tepki \u00e7ekmesinin ard\u0131ndan, cezaevi kamp\u00fcslerindeki duru\u015fma d\u00fczenine ili\u015fkin yeni bir ad\u0131m at\u0131ld\u0131. Bak\u0131rk\u00f6y Ba\u015fsavc\u0131l\u0131\u011f\u0131, t\u00fcm duru\u015fmalar\u0131n planlama ve koordinasyonunu tek elden y\u00fcr\u00fctecek. \u0130\u015fte ayr\u0131nt\u0131lar&#8230;\u00a0<a href=\"https:\/\/www.cumhuriyet.com.tr\/siyaset\/iktidar-imamoglu-nun-goruntulerinden-rahatsiz-olmustu-bassavciliktan-cezaevi-durusmalari-icin-yeni-adim-2448814\" target=\"_blank\" class=\"feedzy-rss-link-icon\">Read More<\/a><\/p>","protected":false},"excerpt":{"rendered":"<p>Ekrem \u0130mamo\u011flu\u2019nun \u201cdiploma\u201d davas\u0131ndaki g\u00f6r\u00fcnt\u00fclerin iktidar kanad\u0131nda tepki \u00e7ekmesinin ard\u0131ndan, cezaevi kamp\u00fcslerindeki duru\u015fma d\u00fczenine ili\u015fkin yeni bir ad\u0131m at\u0131ld\u0131. Bak\u0131rk\u00f6y Ba\u015fsavc\u0131l\u0131\u011f\u0131, t\u00fcm duru\u015fmalar\u0131n planlama ve koordinasyonunu tek elden y\u00fcr\u00fctecek. \u0130\u015fte ayr\u0131nt\u0131lar&#8230;Ekrem \u0130mamo\u011flu\u2019nun \u201cdiploma\u201d davas\u0131ndaki g\u00f6r\u00fcnt\u00fclerin iktidar kanad\u0131nda tepki \u00e7ekmesinin ard\u0131ndan, cezaevi kamp\u00fcslerindeki duru\u015fma d\u00fczenine ili\u015fkin yeni bir ad\u0131m at\u0131ld\u0131. Bak\u0131rk\u00f6y Ba\u015fsavc\u0131l\u0131\u011f\u0131, t\u00fcm duru\u015fmalar\u0131n planlama ve [&hellip;]<\/p>\n","protected":false},"author":1,"featured_media":9926,"comment_status":"open","ping_status":"open","sticky":false,"template":"","format":"standard","meta":{"footnotes":"","_links_to":"","_links_to_target":""},"categories":[1],"tags":[],"class_list":["post-9925","post","type-post","status-publish","format-standard","has-post-thumbnail","hentry","category-haberler"],"_links":{"self":[{"href":"https:\/\/www.abchukuk.com\/index.php\/wp-json\/wp\/v2\/posts\/9925","targetHints":{"allow":["GET"]}}],"collection":[{"href":"https:\/\/www.abchukuk.com\/index.php\/wp-json\/wp\/v2\/posts"}],"about":[{"href":"https:\/\/www.abchukuk.com\/index.php\/wp-json\/wp\/v2\/types\/post"}],"author":[{"embeddable":true,"href":"https:\/\/www.abchukuk.com\/index.php\/wp-json\/wp\/v2\/users\/1"}],"replies":[{"embeddable":true,"href":"https:\/\/www.abchukuk.com\/index.php\/wp-json\/wp\/v2\/comments?post=9925"}],"version-history":[{"count":0,"href":"https:\/\/www.abchukuk.com\/index.php\/wp-json\/wp\/v2\/posts\/9925\/revisions"}],"wp:featuredmedia":[{"embeddable":true,"href":"https:\/\/www.abchukuk.com\/index.php\/wp-json\/wp\/v2\/media\/9926"}],"wp:attachment":[{"href":"https:\/\/www.abchukuk.com\/index.php\/wp-json\/wp\/v2\/media?parent=9925"}],"wp:term":[{"taxonomy":"category","embeddable":true,"href":"https:\/\/www.abchukuk.com\/index.php\/wp-json\/wp\/v2\/categories?post=9925"},{"taxonomy":"post_tag","embeddable":true,"href":"https:\/\/www.abchukuk.com\/index.php\/wp-json\/wp\/v2\/tags?post=9925"}],"curies":[{"name":"wp","href":"https:\/\/api.w.org\/{rel}","templated":true}]}}