{"id":9914,"date":"2025-11-01T07:32:12","date_gmt":"2025-11-01T07:32:12","guid":{"rendered":"https:\/\/www.abchukuk.com\/index.php\/2025\/11\/01\/imamoglunun-silivri-sovu-sonrasi-yeni-yargi-talimati\/"},"modified":"2025-11-01T07:32:12","modified_gmt":"2025-11-01T07:32:12","slug":"imamoglunun-silivri-sovu-sonrasi-yeni-yargi-talimati","status":"publish","type":"post","link":"https:\/\/www.abchukuk.com\/index.php\/2025\/11\/01\/imamoglunun-silivri-sovu-sonrasi-yeni-yargi-talimati\/","title":{"rendered":"\u0130mamo\u011flu\u2019nun \u201cSilivri \u015eovu\u201d sonras\u0131 yeni yarg\u0131 talimat\u0131"},"content":{"rendered":"<p class=\"p1\">Silivri ve Metris Ceza \u0130nfaz Kurumlar\u0131 idaresinden sorumlu olan Bak\u0131rk\u00f6y Cumhuriyet Ba\u015fsavc\u0131l\u0131\u011f\u0131, bundan b\u00f6yle cezaevi kamp\u00fcslerinde yap\u0131lacak t\u00fcm duru\u015fmalar\u0131n planlama ve koordinasyonunu tek elden y\u00fcr\u00fctecek.<\/p>\n<p><img fetchpriority=\"high\" decoding=\"async\" class=\"alignnone size-full wp-image-164419\" src=\"https:\/\/www.son.tv\/wp-content\/uploads\/2025\/11\/IMG_1415.webp\" alt=\"\" width=\"600\" height=\"477\" \/><\/p>\n<p class=\"p1\"><span class=\"s1\">59.Asliye Ceza Mahkemesi Ba\u015fkan\u0131 Hakim Ali Do\u011fan\u2019\u0131n Israr Etti\u011fi Salon Olaylara Sahne Olmu\u015ftu <\/span>Diploma davas\u0131 s\u0131ras\u0131nda, Mahkeme Ba\u015fkan\u0131 Hakim Ali Do\u011fan\u2019\u0131n \u0131srarla 1 numaral\u0131, bin ki\u015filik b\u00fcy\u00fck duru\u015fma salonunu talep etmesi tart\u0131\u015fma yaratm\u0131\u015ft\u0131.<\/p>\n<p class=\"p1\"><span class=\"s1\">San\u0131k say\u0131s\u0131 yaln\u0131zca bir ve tutuksuz olmas\u0131na ra\u011fmen, duru\u015fman\u0131n en geni\u015f salonda yap\u0131lmas\u0131, mahkeme disiplinini zedeleyen kalabal\u0131k g\u00f6r\u00fcnt\u00fclere neden olmu\u015f, yarg\u0131lama salonu sloganlar, alk\u0131\u015flar ve politik tezah\u00fcratlarla birlikte yabanc\u0131 bas\u0131nda adeta \u201c\u015fov atmosferine d\u00f6n\u00fc\u015fm\u00fc\u015f\u201d ele\u015ftirilerini beraberinde getirmi\u015fti.<\/span><\/p>\n<p class=\"p1\"><span class=\"s1\">Bu geli\u015fmelerin ard\u0131ndan, Bak\u0131rk\u00f6y Cumhuriyet Ba\u015fsavc\u0131l\u0131\u011f\u0131 taraf\u0131ndan yap\u0131lan yeni d\u00fczenlemeyle birlikte art\u0131k hi\u00e7bir h\u00e2kim veya mahkeme heyeti kendi inisiyatifiyle salon se\u00e7emeyecek; duru\u015fmalar taraf say\u0131s\u0131, g\u00fcvenlik riski ve teknik ihtiya\u00e7lara g\u00f6re Bak\u0131rk\u00f6y Cumhuriyet Ba\u015fsavc\u0131l\u0131\u011f\u0131 taraf\u0131ndan planlanacak.<\/span><\/p>\n<p class=\"p1\"><span class=\"s1\">YEN\u0130 PLANLAMA TAL\u0130MATI: T\u00dcM SALONLAR \u0130\u00c7\u0130N \u00d6NCEDEN ONAY \u015eARTI<\/span><\/p>\n<p class=\"p1\"><span class=\"s1\">22 Ekim 2025 tarihli yaz\u0131yla, Marmara Ceza \u0130nfaz Kurumu kamp\u00fcs\u00fc i\u00e7erisindeki dokuz duru\u015fma salonunun tahsis ve kullan\u0131m usul\u00fc yeniden belirlendi. Bak\u0131rk\u00f6y Cumhuriyet Ba\u015fsavc\u0131s\u0131 Do\u00e7. Dr. Bar\u0131\u015f Duman imzas\u0131n\u0131 ta\u015f\u0131yan resmi yaz\u0131da \u015fu ifadelere yer verildi: \u201cMahkemelerin birbirlerinden habersiz \u015fekilde ayn\u0131 salonu talep etmeleri planlamada aksakl\u0131\u011fa neden olmaktad\u0131r. Kamu kaynaklar\u0131n\u0131n etkin ve verimli kullan\u0131m\u0131, g\u00fcvenlik tedbirleri ve dosya taraf say\u0131s\u0131na g\u00f6re uygun salon planlamas\u0131 yap\u0131labilmesi i\u00e7in t\u00fcm taleplerin Cumhuriyet Ba\u015fsavc\u0131l\u0131\u011f\u0131 \u00fczerinden koordine edilmesi gerekmektedir.\u201d <\/span><\/p>\n<p class=\"p1\"><span class=\"s1\">Yeni sistemle art\u0131k: Mahkemeler, cezaevlerinde duru\u015fma yapmadan \u00f6nce Bak\u0131rk\u00f6y CBS\u2019ye m\u00fczekkere yazacak. M\u00fczekkerede san\u0131k, m\u00fc\u015fteki, vekil, tan\u0131k ve taraf say\u0131s\u0131 belirtilecek. Ba\u015fsavc\u0131l\u0131k, bu bilgilere g\u00f6re uygun salonu kendisi belirleyecek ve mahkemeye bildirecek.<\/span><\/p>\n<p class=\"p1\"><span class=\"s1\">AMA\u00c7: YARGI D\u0130S\u0130PL\u0130N\u0130, G\u00dcVENL\u0130K VE KAMU D\u00dcZEN\u0130 <\/span><\/p>\n<p class=\"p1\"><span class=\"s1\">Adalet kaynaklar\u0131na g\u00f6re, yeni planlaman\u0131n ana gerek\u00e7esi; yarg\u0131lamalar\u0131n bir \u201csiyasi sahneye\u201d d\u00f6n\u00fc\u015fmesini engellemek ve mahkeme ciddiyetini korumak.<\/span><\/p>\n<p class=\"p1\"><span class=\"s1\">Silivri\u2019deki olayl\u0131 duru\u015fma sonras\u0131nda, g\u00fcvenlik zafiyeti ve kamu d\u00fczeni risklerinin<span class=\"Apple-converted-space\">\u00a0 <\/span>yeniden tekrarlanmamas\u0131 i\u00e7in merkezi planlama modeli devreye al\u0131nd\u0131.<\/span><\/p>\n<p class=\"p1\"><span class=\"s1\">\u0130smini vermek istemeyen bir \u00fcst d\u00fczey yarg\u0131 yetkilisi, Sabah\u2019a \u015fu a\u00e7\u0131klamay\u0131 yapt\u0131: \u201c1 numaral\u0131 salonda ya\u015fanan tablo, yarg\u0131n\u0131n ciddiyetine ciddi g\u00f6lge d\u00fc\u015f\u00fcrd\u00fc. Hi\u00e7bir duru\u015fma salonunda yarg\u0131lama a\u015famas\u0131 bir propaganda g\u00f6sterisine d\u00f6n\u00fc\u015femez. Bu karar, yarg\u0131lamalar\u0131n asli d\u00fczeninde, g\u00fcvenli ve tarafs\u0131z bir \u015fekilde y\u00fcr\u00fct\u00fclmesi i\u00e7in at\u0131lm\u0131\u015ft\u0131r.\u201d<\/span><\/p>\n<p class=\"p1\"><span class=\"s1\">BAKIRK\u00d6Y BA\u015eSAVCILI\u011eI ARTIK KOORD\u0130NASYON MERKEZ\u0130 <\/span><\/p>\n<p class=\"p1\"><span class=\"s1\">Yeni uygulamayla birlikte Silivri<span class=\"Apple-converted-space\">\u00a0 <\/span>Ceza \u0130nfaz Kurumlar\u0131 ve t\u00fcm cezaevi yerle\u015fkelerindeki duru\u015fma salonlar\u0131n\u0131n planlamas\u0131 Bak\u0131rk\u00f6y Cumhuriyet Ba\u015fsavc\u0131l\u0131\u011f\u0131 Ceza \u0130nfaz Kurumlar\u0131 B\u00fcrosu taraf\u0131ndan y\u00fcr\u00fct\u00fclecek.<\/span><\/p>\n<p class=\"p1\"><span class=\"s1\">Yaz\u0131n\u0131n da\u011f\u0131t\u0131m\u0131, \u0130stanbul Cumhuriyet Ba\u015fsavc\u0131l\u0131\u011f\u0131, Anadolu, Bak\u0131rk\u00f6y, Silivri, B\u00fcy\u00fck\u00e7ekmece, K\u00fc\u00e7\u00fck\u00e7ekmece ve Gaziosmanpa\u015fa Cumhuriyet Ba\u015fsavc\u0131l\u0131klar\u0131 ile Adalet Bakanl\u0131\u011f\u0131 Ceza ve Tevkifevleri Genel M\u00fcd\u00fcrl\u00fc\u011f\u00fc, \u0130stanbul Valili\u011fi, \u0130l Emniyet M\u00fcd\u00fcrl\u00fc\u011f\u00fc ve \u0130l Jandarma Komutanl\u0131\u011f\u0131na yap\u0131ld\u0131.<\/span><\/p>\n<p class=\"p1\"><span class=\"s1\">SONU\u00c7: YARGILAMALARDA YEN\u0130 D\u00d6NEM <\/span><\/p>\n<p class=\"p1\"><span class=\"s1\">Art\u0131k \u0130stanbul\u2019daki cezaevi duru\u015fmalar\u0131, dosya kapsam\u0131 ve taraf say\u0131s\u0131na g\u00f6re merkez\u00ee ve g\u00fcvenlik odakl\u0131 bi\u00e7imde planlanacak.<\/span><\/p>\n<p class=\"p1\"><span class=\"s1\">Keyf\u00ee salon tercihleri son buldu; <\/span>yarg\u0131lama disiplini ve kamu d\u00fczeni yeniden sa\u011fland\u0131. \u201cYarg\u0131lamalar art\u0131k propaganda de\u011fil, adaletin sesi olacak.\u201d Bak\u0131rk\u00f6y Ba\u015fsavc\u0131l\u0131\u011f\u0131 bu bilgilere g\u00f6re ve de ayn\u0131 tarihte yap\u0131lacak di\u011fer mahkemelerin bildirdi\u011fi say\u0131sal verilerle beraber, 9 duru\u015fma salonundan uygun olan\u0131n\u0131 ihtiyaca ve ko\u015fullara uygun \u015fekilde planlayarak, ilgili mahkemelere bildirecek.<\/p>\n<p>Ekrem \u0130mamo\u011flu\u2019nun Silivri Ceza \u0130nfaz Kurumu yerle\u015fkesinde g\u00f6r\u00fclen diploma davas\u0131n\u0131 bir \u201csiyasi \u015fova\u201d d\u00f6n\u00fc\u015ft\u00fcrmesi, yarg\u0131 y\u00f6netiminde yeni bir d\u00fczenleme s\u00fcrecini tetikledi.\u00a0<a href=\"https:\/\/www.son.tv\/imamoglunun-silivri-sovu-sonrasi-yeni-yargi-talimati\/\" target=\"_blank\" class=\"feedzy-rss-link-icon\">Read More<\/a><\/p>","protected":false},"excerpt":{"rendered":"<p>Silivri ve Metris Ceza \u0130nfaz Kurumlar\u0131 idaresinden sorumlu olan Bak\u0131rk\u00f6y Cumhuriyet Ba\u015fsavc\u0131l\u0131\u011f\u0131, bundan b\u00f6yle cezaevi kamp\u00fcslerinde yap\u0131lacak t\u00fcm duru\u015fmalar\u0131n planlama ve koordinasyonunu tek elden y\u00fcr\u00fctecek. 59.Asliye Ceza Mahkemesi Ba\u015fkan\u0131 Hakim Ali Do\u011fan\u2019\u0131n Israr Etti\u011fi Salon Olaylara Sahne Olmu\u015ftu Diploma davas\u0131 s\u0131ras\u0131nda, Mahkeme Ba\u015fkan\u0131 Hakim Ali Do\u011fan\u2019\u0131n \u0131srarla 1 numaral\u0131, bin ki\u015filik b\u00fcy\u00fck duru\u015fma salonunu talep [&hellip;]<\/p>\n","protected":false},"author":1,"featured_media":9915,"comment_status":"open","ping_status":"open","sticky":false,"template":"","format":"standard","meta":{"footnotes":"","_links_to":"","_links_to_target":""},"categories":[1],"tags":[],"class_list":["post-9914","post","type-post","status-publish","format-standard","has-post-thumbnail","hentry","category-haberler"],"_links":{"self":[{"href":"https:\/\/www.abchukuk.com\/index.php\/wp-json\/wp\/v2\/posts\/9914","targetHints":{"allow":["GET"]}}],"collection":[{"href":"https:\/\/www.abchukuk.com\/index.php\/wp-json\/wp\/v2\/posts"}],"about":[{"href":"https:\/\/www.abchukuk.com\/index.php\/wp-json\/wp\/v2\/types\/post"}],"author":[{"embeddable":true,"href":"https:\/\/www.abchukuk.com\/index.php\/wp-json\/wp\/v2\/users\/1"}],"replies":[{"embeddable":true,"href":"https:\/\/www.abchukuk.com\/index.php\/wp-json\/wp\/v2\/comments?post=9914"}],"version-history":[{"count":0,"href":"https:\/\/www.abchukuk.com\/index.php\/wp-json\/wp\/v2\/posts\/9914\/revisions"}],"wp:featuredmedia":[{"embeddable":true,"href":"https:\/\/www.abchukuk.com\/index.php\/wp-json\/wp\/v2\/media\/9915"}],"wp:attachment":[{"href":"https:\/\/www.abchukuk.com\/index.php\/wp-json\/wp\/v2\/media?parent=9914"}],"wp:term":[{"taxonomy":"category","embeddable":true,"href":"https:\/\/www.abchukuk.com\/index.php\/wp-json\/wp\/v2\/categories?post=9914"},{"taxonomy":"post_tag","embeddable":true,"href":"https:\/\/www.abchukuk.com\/index.php\/wp-json\/wp\/v2\/tags?post=9914"}],"curies":[{"name":"wp","href":"https:\/\/api.w.org\/{rel}","templated":true}]}}