{"id":9908,"date":"2025-11-01T06:30:00","date_gmt":"2025-11-01T06:30:00","guid":{"rendered":"https:\/\/www.abchukuk.com\/index.php\/2025\/11\/01\/bakan-kurumdan-gebzede-inceleme-16-bina-tahliye-edildi\/"},"modified":"2025-11-01T06:30:00","modified_gmt":"2025-11-01T06:30:00","slug":"bakan-kurumdan-gebzede-inceleme-16-bina-tahliye-edildi","status":"publish","type":"post","link":"https:\/\/www.abchukuk.com\/index.php\/2025\/11\/01\/bakan-kurumdan-gebzede-inceleme-16-bina-tahliye-edildi\/","title":{"rendered":"Bakan Kurum&#8217;dan Gebze&#8217;de inceleme: &#8217;16 bina tahliye edildi&#8217;"},"content":{"rendered":"<p>\u00c7evre \u015eehircilik ve \u0130klim De\u011fi\u015fikli\u011fi Bakan\u0131 Murat Kurum, Gebze\u2019deki binalar\u0131n g\u00fcvenli\u011fiyle ilgili kapsaml\u0131 bir inceleme y\u00fcr\u00fct\u00fcld\u00fc\u011f\u00fcn\u00fc a\u00e7\u0131klad\u0131. Bakan Kurum, \u201cAyr\u0131nt\u0131l\u0131 zemin ara\u015ft\u0131rmalar\u0131 ger\u00e7ekle\u015ftiriyoruz. Binam\u0131z 2012 y\u0131l\u0131nda in\u015fa edilmi\u015f olup ruhsatl\u0131 ve k\u0131smen yap\u0131 denetimi al\u0131nm\u0131\u015f durumda&#8221; dedi.\u00c7evre \u015eehircilik ve \u0130klim De\u011fi\u015fikli\u011fi Bakan\u0131 Murat Kurum, Gebze\u2019deki binalar\u0131n g\u00fcvenli\u011fiyle ilgili kapsaml\u0131 bir inceleme y\u00fcr\u00fct\u00fcld\u00fc\u011f\u00fcn\u00fc a\u00e7\u0131klad\u0131. Bakan Kurum, \u201cAyr\u0131nt\u0131l\u0131 zemin ara\u015ft\u0131rmalar\u0131 ger\u00e7ekle\u015ftiriyoruz. Binam\u0131z 2012 y\u0131l\u0131nda in\u015fa edilmi\u015f olup ruhsatl\u0131 ve k\u0131smen yap\u0131 denetimi al\u0131nm\u0131\u015f durumda&#8221; dedi.\u00a0<a href=\"https:\/\/www.cumhuriyet.com.tr\/turkiye\/bakan-kurum-dan-gebze-de-inceleme-16-bina-tahliye-edildi-2448748\" target=\"_blank\" class=\"feedzy-rss-link-icon\">Read More<\/a><\/p>","protected":false},"excerpt":{"rendered":"<p>\u00c7evre \u015eehircilik ve \u0130klim De\u011fi\u015fikli\u011fi Bakan\u0131 Murat Kurum, Gebze\u2019deki binalar\u0131n g\u00fcvenli\u011fiyle ilgili kapsaml\u0131 bir inceleme y\u00fcr\u00fct\u00fcld\u00fc\u011f\u00fcn\u00fc a\u00e7\u0131klad\u0131. Bakan Kurum, \u201cAyr\u0131nt\u0131l\u0131 zemin ara\u015ft\u0131rmalar\u0131 ger\u00e7ekle\u015ftiriyoruz. Binam\u0131z 2012 y\u0131l\u0131nda in\u015fa edilmi\u015f olup ruhsatl\u0131 ve k\u0131smen yap\u0131 denetimi al\u0131nm\u0131\u015f durumda&#8221; dedi.\u00c7evre \u015eehircilik ve \u0130klim De\u011fi\u015fikli\u011fi Bakan\u0131 Murat Kurum, Gebze\u2019deki binalar\u0131n g\u00fcvenli\u011fiyle ilgili kapsaml\u0131 bir inceleme y\u00fcr\u00fct\u00fcld\u00fc\u011f\u00fcn\u00fc a\u00e7\u0131klad\u0131. Bakan Kurum, [&hellip;]<\/p>\n","protected":false},"author":1,"featured_media":9909,"comment_status":"open","ping_status":"open","sticky":false,"template":"","format":"standard","meta":{"footnotes":"","_links_to":"","_links_to_target":""},"categories":[1],"tags":[],"class_list":["post-9908","post","type-post","status-publish","format-standard","has-post-thumbnail","hentry","category-haberler"],"_links":{"self":[{"href":"https:\/\/www.abchukuk.com\/index.php\/wp-json\/wp\/v2\/posts\/9908","targetHints":{"allow":["GET"]}}],"collection":[{"href":"https:\/\/www.abchukuk.com\/index.php\/wp-json\/wp\/v2\/posts"}],"about":[{"href":"https:\/\/www.abchukuk.com\/index.php\/wp-json\/wp\/v2\/types\/post"}],"author":[{"embeddable":true,"href":"https:\/\/www.abchukuk.com\/index.php\/wp-json\/wp\/v2\/users\/1"}],"replies":[{"embeddable":true,"href":"https:\/\/www.abchukuk.com\/index.php\/wp-json\/wp\/v2\/comments?post=9908"}],"version-history":[{"count":0,"href":"https:\/\/www.abchukuk.com\/index.php\/wp-json\/wp\/v2\/posts\/9908\/revisions"}],"wp:featuredmedia":[{"embeddable":true,"href":"https:\/\/www.abchukuk.com\/index.php\/wp-json\/wp\/v2\/media\/9909"}],"wp:attachment":[{"href":"https:\/\/www.abchukuk.com\/index.php\/wp-json\/wp\/v2\/media?parent=9908"}],"wp:term":[{"taxonomy":"category","embeddable":true,"href":"https:\/\/www.abchukuk.com\/index.php\/wp-json\/wp\/v2\/categories?post=9908"},{"taxonomy":"post_tag","embeddable":true,"href":"https:\/\/www.abchukuk.com\/index.php\/wp-json\/wp\/v2\/tags?post=9908"}],"curies":[{"name":"wp","href":"https:\/\/api.w.org\/{rel}","templated":true}]}}