{"id":9906,"date":"2025-11-01T05:20:00","date_gmt":"2025-11-01T05:20:00","guid":{"rendered":"https:\/\/www.abchukuk.com\/index.php\/2025\/11\/01\/5-bakanlikta-atama-ve-gorevden-alma-kararlari-resmi-gazetede\/"},"modified":"2025-11-01T05:20:00","modified_gmt":"2025-11-01T05:20:00","slug":"5-bakanlikta-atama-ve-gorevden-alma-kararlari-resmi-gazetede","status":"publish","type":"post","link":"https:\/\/www.abchukuk.com\/index.php\/2025\/11\/01\/5-bakanlikta-atama-ve-gorevden-alma-kararlari-resmi-gazetede\/","title":{"rendered":"5 Bakanl\u0131kta Atama ve G\u00f6revden Alma Kararlar\u0131 Resmi Gazete&#8217;de"},"content":{"rendered":"<p><a href=\"https:\/\/www.gercekgundem.com\/guncel\/5-bakanlikta-atama-ve-gorevden-alma-kararlari-resmi-gazetede-561268\"><br \/>\n                                                            <img decoding=\"async\" src=\"https:\/\/i.gercekgundem.com\/2\/150\/84\/storage\/files\/images\/2025\/11\/01\/5-bakanlikta-atama-ve-gorevden-alma-kararlari-resmi-gazetede-a8ub.jpg\" width=\"150\" height=\"84\" border=\"0\" align=\"right\" \/><br \/>\n                                                    <\/a><\/p>\n<h4>Cumhurba\u015fkan\u0131 Erdo\u011fan&#8217;\u0131n imzas\u0131yla birlikte baz\u0131 bakanl\u0131klarda ger\u00e7ekle\u015ftirilen atama ve g\u00f6revden alma kararlar\u0131 Resmi Gazete&#8217;de yay\u0131mland\u0131.<\/h4>\n<p>Cumhurba\u015fkan\u0131 Erdo\u011fan&#8217;\u0131n imzas\u0131yla birlikte baz\u0131 bakanl\u0131klarda ger\u00e7ekle\u015ftirilen atama ve g\u00f6revden alma kararlar\u0131 Resmi Gazete&#8217;de yay\u0131mland\u0131.\u00a0<a href=\"https:\/\/www.gercekgundem.com\/guncel\/5-bakanlikta-atama-ve-gorevden-alma-kararlari-resmi-gazetede-561268\" target=\"_blank\" class=\"feedzy-rss-link-icon\">Read More<\/a><\/p>","protected":false},"excerpt":{"rendered":"<p>Cumhurba\u015fkan\u0131 Erdo\u011fan&#8217;\u0131n imzas\u0131yla birlikte baz\u0131 bakanl\u0131klarda ger\u00e7ekle\u015ftirilen atama ve g\u00f6revden alma kararlar\u0131 Resmi Gazete&#8217;de yay\u0131mland\u0131. Cumhurba\u015fkan\u0131 Erdo\u011fan&#8217;\u0131n imzas\u0131yla birlikte baz\u0131 bakanl\u0131klarda ger\u00e7ekle\u015ftirilen atama ve g\u00f6revden alma kararlar\u0131 Resmi Gazete&#8217;de yay\u0131mland\u0131.\u00a0Read More<\/p>\n","protected":false},"author":1,"featured_media":9907,"comment_status":"open","ping_status":"open","sticky":false,"template":"","format":"standard","meta":{"footnotes":"","_links_to":"","_links_to_target":""},"categories":[1],"tags":[],"class_list":["post-9906","post","type-post","status-publish","format-standard","has-post-thumbnail","hentry","category-haberler"],"_links":{"self":[{"href":"https:\/\/www.abchukuk.com\/index.php\/wp-json\/wp\/v2\/posts\/9906","targetHints":{"allow":["GET"]}}],"collection":[{"href":"https:\/\/www.abchukuk.com\/index.php\/wp-json\/wp\/v2\/posts"}],"about":[{"href":"https:\/\/www.abchukuk.com\/index.php\/wp-json\/wp\/v2\/types\/post"}],"author":[{"embeddable":true,"href":"https:\/\/www.abchukuk.com\/index.php\/wp-json\/wp\/v2\/users\/1"}],"replies":[{"embeddable":true,"href":"https:\/\/www.abchukuk.com\/index.php\/wp-json\/wp\/v2\/comments?post=9906"}],"version-history":[{"count":0,"href":"https:\/\/www.abchukuk.com\/index.php\/wp-json\/wp\/v2\/posts\/9906\/revisions"}],"wp:featuredmedia":[{"embeddable":true,"href":"https:\/\/www.abchukuk.com\/index.php\/wp-json\/wp\/v2\/media\/9907"}],"wp:attachment":[{"href":"https:\/\/www.abchukuk.com\/index.php\/wp-json\/wp\/v2\/media?parent=9906"}],"wp:term":[{"taxonomy":"category","embeddable":true,"href":"https:\/\/www.abchukuk.com\/index.php\/wp-json\/wp\/v2\/categories?post=9906"},{"taxonomy":"post_tag","embeddable":true,"href":"https:\/\/www.abchukuk.com\/index.php\/wp-json\/wp\/v2\/tags?post=9906"}],"curies":[{"name":"wp","href":"https:\/\/api.w.org\/{rel}","templated":true}]}}