{"id":9904,"date":"2025-11-01T04:10:00","date_gmt":"2025-11-01T04:10:00","guid":{"rendered":"https:\/\/www.abchukuk.com\/index.php\/2025\/11\/01\/bakan-kurum-olay-yerinde-duyurdu-16-bina-tahliye-edildi\/"},"modified":"2025-11-01T04:10:00","modified_gmt":"2025-11-01T04:10:00","slug":"bakan-kurum-olay-yerinde-duyurdu-16-bina-tahliye-edildi","status":"publish","type":"post","link":"https:\/\/www.abchukuk.com\/index.php\/2025\/11\/01\/bakan-kurum-olay-yerinde-duyurdu-16-bina-tahliye-edildi\/","title":{"rendered":"Bakan Kurum  olay yerinde duyurdu: 16 bina tahliye edildi"},"content":{"rendered":"<p>\u00c7evre, \u015eehircilik ve \u0130klim De\u011fi\u015fikli\u011fi Bakan\u0131 Murat Kurum, Kocaeli Gebze&#8217;de \u00e7\u00f6ken binan\u0131n \u00e7evresindeki 16 binan\u0131n tahliye edildi\u011fini ve vatanda\u015flar\u0131n ma\u011fduriyetlerinin giderilece\u011fini a\u00e7\u0131klad\u0131. Bakan Kurum, &#8220;Etraftaki t\u00fcm binalar\u0131 bilim insanlar\u0131m\u0131z\u0131n \u00e7al\u0131\u015fmalar\u0131yla, AFAD&#8217;\u0131m\u0131z\u0131n, Bakanl\u0131\u011f\u0131m\u0131z\u0131n, Yap\u0131 \u0130\u015fleri Genel M\u00fcd\u00fcrl\u00fc\u011f\u00fcm\u00fcz\u00fcn \u00e7al\u0131\u015fmalar\u0131yla birlikte tek tek tespitlerini ger\u00e7ekle\u015ftiriyoruz. Burada ayr\u0131nt\u0131l\u0131 bir zemin ara\u015ft\u0131rmas\u0131 yap\u0131yoruz&#8221; dedi.\u00c7evre, \u015eehircilik ve \u0130klim De\u011fi\u015fikli\u011fi Bakan\u0131 Murat Kurum, Kocaeli Gebze&#8217;de \u00e7\u00f6ken binan\u0131n \u00e7evresindeki 16 binan\u0131n tahliye edildi\u011fini ve vatanda\u015flar\u0131n ma\u011fduriyetlerinin giderilece\u011fini a\u00e7\u0131klad\u0131. Bakan Kurum, &#8220;Etraftaki t\u00fcm binalar\u0131 bilim insanlar\u0131m\u0131z\u0131n \u00e7al\u0131\u015fmalar\u0131yla, AFAD&#8217;\u0131m\u0131z\u0131n, Bakanl\u0131\u011f\u0131m\u0131z\u0131n, Yap\u0131 \u0130\u015fleri Genel M\u00fcd\u00fcrl\u00fc\u011f\u00fcm\u00fcz\u00fcn \u00e7al\u0131\u015fmalar\u0131yla birlikte tek tek tespitlerini ger\u00e7ekle\u015ftiriyoruz. Burada ayr\u0131nt\u0131l\u0131 bir zemin ara\u015ft\u0131rmas\u0131 yap\u0131yoruz&#8221; dedi.\u00a0<a href=\"https:\/\/www.dunya.com\/gundem\/bakan-kurum-olay-yerinde-duyurdu-16-bina-tahliye-edildi-haberi-801104\" target=\"_blank\" class=\"feedzy-rss-link-icon\">Read More<\/a><\/p>","protected":false},"excerpt":{"rendered":"<p>\u00c7evre, \u015eehircilik ve \u0130klim De\u011fi\u015fikli\u011fi Bakan\u0131 Murat Kurum, Kocaeli Gebze&#8217;de \u00e7\u00f6ken binan\u0131n \u00e7evresindeki 16 binan\u0131n tahliye edildi\u011fini ve vatanda\u015flar\u0131n ma\u011fduriyetlerinin giderilece\u011fini a\u00e7\u0131klad\u0131. Bakan Kurum, &#8220;Etraftaki t\u00fcm binalar\u0131 bilim insanlar\u0131m\u0131z\u0131n \u00e7al\u0131\u015fmalar\u0131yla, AFAD&#8217;\u0131m\u0131z\u0131n, Bakanl\u0131\u011f\u0131m\u0131z\u0131n, Yap\u0131 \u0130\u015fleri Genel M\u00fcd\u00fcrl\u00fc\u011f\u00fcm\u00fcz\u00fcn \u00e7al\u0131\u015fmalar\u0131yla birlikte tek tek tespitlerini ger\u00e7ekle\u015ftiriyoruz. Burada ayr\u0131nt\u0131l\u0131 bir zemin ara\u015ft\u0131rmas\u0131 yap\u0131yoruz&#8221; dedi.\u00c7evre, \u015eehircilik ve \u0130klim De\u011fi\u015fikli\u011fi Bakan\u0131 Murat [&hellip;]<\/p>\n","protected":false},"author":1,"featured_media":9905,"comment_status":"open","ping_status":"open","sticky":false,"template":"","format":"standard","meta":{"footnotes":"","_links_to":"","_links_to_target":""},"categories":[1],"tags":[],"class_list":["post-9904","post","type-post","status-publish","format-standard","has-post-thumbnail","hentry","category-haberler"],"_links":{"self":[{"href":"https:\/\/www.abchukuk.com\/index.php\/wp-json\/wp\/v2\/posts\/9904","targetHints":{"allow":["GET"]}}],"collection":[{"href":"https:\/\/www.abchukuk.com\/index.php\/wp-json\/wp\/v2\/posts"}],"about":[{"href":"https:\/\/www.abchukuk.com\/index.php\/wp-json\/wp\/v2\/types\/post"}],"author":[{"embeddable":true,"href":"https:\/\/www.abchukuk.com\/index.php\/wp-json\/wp\/v2\/users\/1"}],"replies":[{"embeddable":true,"href":"https:\/\/www.abchukuk.com\/index.php\/wp-json\/wp\/v2\/comments?post=9904"}],"version-history":[{"count":0,"href":"https:\/\/www.abchukuk.com\/index.php\/wp-json\/wp\/v2\/posts\/9904\/revisions"}],"wp:featuredmedia":[{"embeddable":true,"href":"https:\/\/www.abchukuk.com\/index.php\/wp-json\/wp\/v2\/media\/9905"}],"wp:attachment":[{"href":"https:\/\/www.abchukuk.com\/index.php\/wp-json\/wp\/v2\/media?parent=9904"}],"wp:term":[{"taxonomy":"category","embeddable":true,"href":"https:\/\/www.abchukuk.com\/index.php\/wp-json\/wp\/v2\/categories?post=9904"},{"taxonomy":"post_tag","embeddable":true,"href":"https:\/\/www.abchukuk.com\/index.php\/wp-json\/wp\/v2\/tags?post=9904"}],"curies":[{"name":"wp","href":"https:\/\/api.w.org\/{rel}","templated":true}]}}