{"id":9902,"date":"2025-11-01T04:50:00","date_gmt":"2025-11-01T04:50:00","guid":{"rendered":"https:\/\/www.abchukuk.com\/index.php\/2025\/11\/01\/resmi-gazetede-yayinlandi-iste-son-atama-ve-gorevden-alma-kararlari\/"},"modified":"2025-11-01T04:50:00","modified_gmt":"2025-11-01T04:50:00","slug":"resmi-gazetede-yayinlandi-iste-son-atama-ve-gorevden-alma-kararlari","status":"publish","type":"post","link":"https:\/\/www.abchukuk.com\/index.php\/2025\/11\/01\/resmi-gazetede-yayinlandi-iste-son-atama-ve-gorevden-alma-kararlari\/","title":{"rendered":"Resmi Gazete&#8217;de yay\u0131nland\u0131! \u0130\u015fte son atama ve g\u00f6revden alma kararlar\u0131&#8230;"},"content":{"rendered":"<p>Cumhurba\u015fkan\u0131 Recep Tayyip Erdo\u011fan\u2019\u0131n imzas\u0131yla yay\u0131mlanan Resmi Gazete\u2019de, baz\u0131 bakanl\u0131klar ile kamu kurum ve kurumlar\u0131nda \u00e7e\u015fit atama kararlar\u0131 yer ald\u0131. \u0130\u015fte Resmi Gazete&#8217;de yer alan atama kararlar\u0131&#8230;Cumhurba\u015fkan\u0131 Recep Tayyip Erdo\u011fan\u2019\u0131n imzas\u0131yla yay\u0131mlanan Resmi Gazete\u2019de, baz\u0131 bakanl\u0131klar ile kamu kurum ve kurumlar\u0131nda \u00e7e\u015fit atama kararlar\u0131 yer ald\u0131. \u0130\u015fte Resmi Gazete&#8217;de yer alan atama kararlar\u0131&#8230;\u00a0<a href=\"https:\/\/www.dunya.com\/gundem\/resmi-gazetede-yayinlandi-iste-son-atama-ve-gorevden-alma-kararlari-haberi-801106\" target=\"_blank\" class=\"feedzy-rss-link-icon\">Read More<\/a><\/p>","protected":false},"excerpt":{"rendered":"<p>Cumhurba\u015fkan\u0131 Recep Tayyip Erdo\u011fan\u2019\u0131n imzas\u0131yla yay\u0131mlanan Resmi Gazete\u2019de, baz\u0131 bakanl\u0131klar ile kamu kurum ve kurumlar\u0131nda \u00e7e\u015fit atama kararlar\u0131 yer ald\u0131. \u0130\u015fte Resmi Gazete&#8217;de yer alan atama kararlar\u0131&#8230;Cumhurba\u015fkan\u0131 Recep Tayyip Erdo\u011fan\u2019\u0131n imzas\u0131yla yay\u0131mlanan Resmi Gazete\u2019de, baz\u0131 bakanl\u0131klar ile kamu kurum ve kurumlar\u0131nda \u00e7e\u015fit atama kararlar\u0131 yer ald\u0131. \u0130\u015fte Resmi Gazete&#8217;de yer alan atama kararlar\u0131&#8230;\u00a0Read More<\/p>\n","protected":false},"author":1,"featured_media":9903,"comment_status":"open","ping_status":"open","sticky":false,"template":"","format":"standard","meta":{"footnotes":"","_links_to":"","_links_to_target":""},"categories":[1],"tags":[],"class_list":["post-9902","post","type-post","status-publish","format-standard","has-post-thumbnail","hentry","category-haberler"],"_links":{"self":[{"href":"https:\/\/www.abchukuk.com\/index.php\/wp-json\/wp\/v2\/posts\/9902","targetHints":{"allow":["GET"]}}],"collection":[{"href":"https:\/\/www.abchukuk.com\/index.php\/wp-json\/wp\/v2\/posts"}],"about":[{"href":"https:\/\/www.abchukuk.com\/index.php\/wp-json\/wp\/v2\/types\/post"}],"author":[{"embeddable":true,"href":"https:\/\/www.abchukuk.com\/index.php\/wp-json\/wp\/v2\/users\/1"}],"replies":[{"embeddable":true,"href":"https:\/\/www.abchukuk.com\/index.php\/wp-json\/wp\/v2\/comments?post=9902"}],"version-history":[{"count":0,"href":"https:\/\/www.abchukuk.com\/index.php\/wp-json\/wp\/v2\/posts\/9902\/revisions"}],"wp:featuredmedia":[{"embeddable":true,"href":"https:\/\/www.abchukuk.com\/index.php\/wp-json\/wp\/v2\/media\/9903"}],"wp:attachment":[{"href":"https:\/\/www.abchukuk.com\/index.php\/wp-json\/wp\/v2\/media?parent=9902"}],"wp:term":[{"taxonomy":"category","embeddable":true,"href":"https:\/\/www.abchukuk.com\/index.php\/wp-json\/wp\/v2\/categories?post=9902"},{"taxonomy":"post_tag","embeddable":true,"href":"https:\/\/www.abchukuk.com\/index.php\/wp-json\/wp\/v2\/tags?post=9902"}],"curies":[{"name":"wp","href":"https:\/\/api.w.org\/{rel}","templated":true}]}}