{"id":9898,"date":"2025-10-31T22:10:45","date_gmt":"2025-10-31T22:10:45","guid":{"rendered":"https:\/\/www.abchukuk.com\/index.php\/2025\/10\/31\/sarkozyyi-cezaevinde-ziyaret-eden-fransiz-bakan-adalet-divanina-sikayet-edildi\/"},"modified":"2025-10-31T22:10:45","modified_gmt":"2025-10-31T22:10:45","slug":"sarkozyyi-cezaevinde-ziyaret-eden-fransiz-bakan-adalet-divanina-sikayet-edildi","status":"publish","type":"post","link":"https:\/\/www.abchukuk.com\/index.php\/2025\/10\/31\/sarkozyyi-cezaevinde-ziyaret-eden-fransiz-bakan-adalet-divanina-sikayet-edildi\/","title":{"rendered":"Sarkozy&#8217;yi cezaevinde ziyaret eden Frans\u0131z Bakan, Adalet Divan\u0131&#8217;na \u015fikayet edildi"},"content":{"rendered":"<p>Adalet Bakan\u0131 Darmanin, \u00e7ar\u015famba ak\u015fam\u0131 Paris&#8217;teki Sant\u00e9 Hapishanesi&#8217;nde Sarkozy&#8217;yi ziyaret etmi\u015f ve burada eski Fransa lideriyle 45 dakika g\u00f6r\u00fc\u015fm\u00fc\u015ft\u00fc.Adalet Bakan\u0131 Darmanin, \u00e7ar\u015famba ak\u015fam\u0131 Paris&#8217;teki Sant\u00e9 Hapishanesi&#8217;nde Sarkozy&#8217;yi ziyaret etmi\u015f ve burada eski Fransa lideriyle 45 dakika g\u00f6r\u00fc\u015fm\u00fc\u015ft\u00fc.\u00a0<a href=\"http:\/\/tr.euronews.com\/2025\/10\/31\/sarkozyyi-cezaevinde-ziyaret-eden-fransiz-bakan-adalet-divanina-sikayet-edildi\" target=\"_blank\" class=\"feedzy-rss-link-icon\">Read More<\/a><\/p>","protected":false},"excerpt":{"rendered":"<p>Adalet Bakan\u0131 Darmanin, \u00e7ar\u015famba ak\u015fam\u0131 Paris&#8217;teki Sant\u00e9 Hapishanesi&#8217;nde Sarkozy&#8217;yi ziyaret etmi\u015f ve burada eski Fransa lideriyle 45 dakika g\u00f6r\u00fc\u015fm\u00fc\u015ft\u00fc.Adalet Bakan\u0131 Darmanin, \u00e7ar\u015famba ak\u015fam\u0131 Paris&#8217;teki Sant\u00e9 Hapishanesi&#8217;nde Sarkozy&#8217;yi ziyaret etmi\u015f ve burada eski Fransa lideriyle 45 dakika g\u00f6r\u00fc\u015fm\u00fc\u015ft\u00fc.\u00a0Read More<\/p>\n","protected":false},"author":1,"featured_media":0,"comment_status":"open","ping_status":"open","sticky":false,"template":"","format":"standard","meta":{"footnotes":"","_links_to":"","_links_to_target":""},"categories":[1],"tags":[],"class_list":["post-9898","post","type-post","status-publish","format-standard","hentry","category-haberler"],"_links":{"self":[{"href":"https:\/\/www.abchukuk.com\/index.php\/wp-json\/wp\/v2\/posts\/9898","targetHints":{"allow":["GET"]}}],"collection":[{"href":"https:\/\/www.abchukuk.com\/index.php\/wp-json\/wp\/v2\/posts"}],"about":[{"href":"https:\/\/www.abchukuk.com\/index.php\/wp-json\/wp\/v2\/types\/post"}],"author":[{"embeddable":true,"href":"https:\/\/www.abchukuk.com\/index.php\/wp-json\/wp\/v2\/users\/1"}],"replies":[{"embeddable":true,"href":"https:\/\/www.abchukuk.com\/index.php\/wp-json\/wp\/v2\/comments?post=9898"}],"version-history":[{"count":0,"href":"https:\/\/www.abchukuk.com\/index.php\/wp-json\/wp\/v2\/posts\/9898\/revisions"}],"wp:attachment":[{"href":"https:\/\/www.abchukuk.com\/index.php\/wp-json\/wp\/v2\/media?parent=9898"}],"wp:term":[{"taxonomy":"category","embeddable":true,"href":"https:\/\/www.abchukuk.com\/index.php\/wp-json\/wp\/v2\/categories?post=9898"},{"taxonomy":"post_tag","embeddable":true,"href":"https:\/\/www.abchukuk.com\/index.php\/wp-json\/wp\/v2\/tags?post=9898"}],"curies":[{"name":"wp","href":"https:\/\/api.w.org\/{rel}","templated":true}]}}