{"id":9895,"date":"2025-10-31T21:17:00","date_gmt":"2025-10-31T21:17:00","guid":{"rendered":"https:\/\/www.abchukuk.com\/index.php\/2025\/10\/31\/yerlerine-kayyum-atanan-dem-parti-akdeniz-belediye-es-baskanlari-10-ay-sonra-tahliye-edildi\/"},"modified":"2025-10-31T21:17:00","modified_gmt":"2025-10-31T21:17:00","slug":"yerlerine-kayyum-atanan-dem-parti-akdeniz-belediye-es-baskanlari-10-ay-sonra-tahliye-edildi","status":"publish","type":"post","link":"https:\/\/www.abchukuk.com\/index.php\/2025\/10\/31\/yerlerine-kayyum-atanan-dem-parti-akdeniz-belediye-es-baskanlari-10-ay-sonra-tahliye-edildi\/","title":{"rendered":"Yerlerine kayyum atanan DEM Parti Akdeniz Belediye E\u015f Ba\u015fkanlar\u0131 10 ay sonra tahliye edildi"},"content":{"rendered":"<p>DEM Partili Akdeniz Belediyesi E\u015f Ba\u015fkanlar\u0131 Ho\u015fyar Sar\u0131y\u0131ld\u0131z ve Nuriye Arslan ile Ba\u015fkan Yard\u0131mc\u0131s\u0131 \u00d6zg\u00fcr \u00c7a\u011flar, 10 ayd\u0131r tutuklu bulunduklar\u0131 davada yakla\u015f\u0131k 12 saat s\u00fcren ilk duru\u015fman\u0131n ard\u0131ndan tahliye edildi.DEM Partili Akdeniz Belediyesi E\u015f Ba\u015fkanlar\u0131 Ho\u015fyar Sar\u0131y\u0131ld\u0131z ve Nuriye Arslan ile Ba\u015fkan Yard\u0131mc\u0131s\u0131 \u00d6zg\u00fcr \u00c7a\u011flar, 10 ayd\u0131r tutuklu bulunduklar\u0131 davada yakla\u015f\u0131k 12 saat s\u00fcren ilk duru\u015fman\u0131n ard\u0131ndan tahliye edildi.\u00a0<a href=\"https:\/\/www.cumhuriyet.com.tr\/turkiye\/yerlerine-kayyum-atanan-dem-parti-akdeniz-belediye-es-baskanlari-10-ay-sonra-tahliye-edildi-2448716\" target=\"_blank\" class=\"feedzy-rss-link-icon\">Read More<\/a><\/p>","protected":false},"excerpt":{"rendered":"<p>DEM Partili Akdeniz Belediyesi E\u015f Ba\u015fkanlar\u0131 Ho\u015fyar Sar\u0131y\u0131ld\u0131z ve Nuriye Arslan ile Ba\u015fkan Yard\u0131mc\u0131s\u0131 \u00d6zg\u00fcr \u00c7a\u011flar, 10 ayd\u0131r tutuklu bulunduklar\u0131 davada yakla\u015f\u0131k 12 saat s\u00fcren ilk duru\u015fman\u0131n ard\u0131ndan tahliye edildi.DEM Partili Akdeniz Belediyesi E\u015f Ba\u015fkanlar\u0131 Ho\u015fyar Sar\u0131y\u0131ld\u0131z ve Nuriye Arslan ile Ba\u015fkan Yard\u0131mc\u0131s\u0131 \u00d6zg\u00fcr \u00c7a\u011flar, 10 ayd\u0131r tutuklu bulunduklar\u0131 davada yakla\u015f\u0131k 12 saat s\u00fcren ilk [&hellip;]<\/p>\n","protected":false},"author":1,"featured_media":9896,"comment_status":"open","ping_status":"open","sticky":false,"template":"","format":"standard","meta":{"footnotes":"","_links_to":"","_links_to_target":""},"categories":[1],"tags":[],"class_list":["post-9895","post","type-post","status-publish","format-standard","has-post-thumbnail","hentry","category-haberler"],"_links":{"self":[{"href":"https:\/\/www.abchukuk.com\/index.php\/wp-json\/wp\/v2\/posts\/9895","targetHints":{"allow":["GET"]}}],"collection":[{"href":"https:\/\/www.abchukuk.com\/index.php\/wp-json\/wp\/v2\/posts"}],"about":[{"href":"https:\/\/www.abchukuk.com\/index.php\/wp-json\/wp\/v2\/types\/post"}],"author":[{"embeddable":true,"href":"https:\/\/www.abchukuk.com\/index.php\/wp-json\/wp\/v2\/users\/1"}],"replies":[{"embeddable":true,"href":"https:\/\/www.abchukuk.com\/index.php\/wp-json\/wp\/v2\/comments?post=9895"}],"version-history":[{"count":0,"href":"https:\/\/www.abchukuk.com\/index.php\/wp-json\/wp\/v2\/posts\/9895\/revisions"}],"wp:featuredmedia":[{"embeddable":true,"href":"https:\/\/www.abchukuk.com\/index.php\/wp-json\/wp\/v2\/media\/9896"}],"wp:attachment":[{"href":"https:\/\/www.abchukuk.com\/index.php\/wp-json\/wp\/v2\/media?parent=9895"}],"wp:term":[{"taxonomy":"category","embeddable":true,"href":"https:\/\/www.abchukuk.com\/index.php\/wp-json\/wp\/v2\/categories?post=9895"},{"taxonomy":"post_tag","embeddable":true,"href":"https:\/\/www.abchukuk.com\/index.php\/wp-json\/wp\/v2\/tags?post=9895"}],"curies":[{"name":"wp","href":"https:\/\/api.w.org\/{rel}","templated":true}]}}