{"id":9877,"date":"2025-10-31T18:29:11","date_gmt":"2025-10-31T18:29:11","guid":{"rendered":"https:\/\/www.abchukuk.com\/index.php\/2025\/10\/31\/karadag-mahkemesi-iki-turku-sucsuz-buldu-olay-aninda-evlerinde-bulunduklari-tespit-edildi\/"},"modified":"2025-10-31T18:29:11","modified_gmt":"2025-10-31T18:29:11","slug":"karadag-mahkemesi-iki-turku-sucsuz-buldu-olay-aninda-evlerinde-bulunduklari-tespit-edildi","status":"publish","type":"post","link":"https:\/\/www.abchukuk.com\/index.php\/2025\/10\/31\/karadag-mahkemesi-iki-turku-sucsuz-buldu-olay-aninda-evlerinde-bulunduklari-tespit-edildi\/","title":{"rendered":"Karada\u011f Mahkemesi, iki T\u00fcrk&#8217;\u00fc su\u00e7suz buldu: &#8216;Olay an\u0131nda evlerinde bulunduklar\u0131 tespit edildi&#8217;"},"content":{"rendered":"<p>Karada\u011f\u2019\u0131n ba\u015fkenti Podgoritsa\u2019da &#8216;T\u00fcrk vatanda\u015flar\u0131n\u0131n kar\u0131\u015ft\u0131\u011f\u0131 b\u0131\u00e7akl\u0131 sald\u0131r\u0131&#8217; iddialar\u0131yla g\u00f6zalt\u0131na al\u0131nan iki ki\u015fi, haklar\u0131nda somut delil bulunmad\u0131\u011f\u0131 gerek\u00e7esiyle serbest b\u0131rak\u0131ld\u0131.Karada\u011f\u2019\u0131n ba\u015fkenti Podgoritsa\u2019da &#8216;T\u00fcrk vatanda\u015flar\u0131n\u0131n kar\u0131\u015ft\u0131\u011f\u0131 b\u0131\u00e7akl\u0131 sald\u0131r\u0131&#8217; iddialar\u0131yla g\u00f6zalt\u0131na al\u0131nan iki ki\u015fi, haklar\u0131nda somut delil bulunmad\u0131\u011f\u0131 gerek\u00e7esiyle serbest b\u0131rak\u0131ld\u0131.\u00a0<a href=\"https:\/\/anlatilaninotesi.com.tr\/20251031\/karadag-mahkemesi-iki-turku-sucsuz-buldu-olay-aninda-evlerinde-bulunduklari-tespit-edildi-1100655643.html\" target=\"_blank\" class=\"feedzy-rss-link-icon\">Read More<\/a><\/p>","protected":false},"excerpt":{"rendered":"<p>Karada\u011f\u2019\u0131n ba\u015fkenti Podgoritsa\u2019da &#8216;T\u00fcrk vatanda\u015flar\u0131n\u0131n kar\u0131\u015ft\u0131\u011f\u0131 b\u0131\u00e7akl\u0131 sald\u0131r\u0131&#8217; iddialar\u0131yla g\u00f6zalt\u0131na al\u0131nan iki ki\u015fi, haklar\u0131nda somut delil bulunmad\u0131\u011f\u0131 gerek\u00e7esiyle serbest b\u0131rak\u0131ld\u0131.Karada\u011f\u2019\u0131n ba\u015fkenti Podgoritsa\u2019da &#8216;T\u00fcrk vatanda\u015flar\u0131n\u0131n kar\u0131\u015ft\u0131\u011f\u0131 b\u0131\u00e7akl\u0131 sald\u0131r\u0131&#8217; iddialar\u0131yla g\u00f6zalt\u0131na al\u0131nan iki ki\u015fi, haklar\u0131nda somut delil bulunmad\u0131\u011f\u0131 gerek\u00e7esiyle serbest b\u0131rak\u0131ld\u0131.\u00a0Read More<\/p>\n","protected":false},"author":1,"featured_media":0,"comment_status":"open","ping_status":"open","sticky":false,"template":"","format":"standard","meta":{"footnotes":"","_links_to":"","_links_to_target":""},"categories":[1],"tags":[],"class_list":["post-9877","post","type-post","status-publish","format-standard","hentry","category-haberler"],"_links":{"self":[{"href":"https:\/\/www.abchukuk.com\/index.php\/wp-json\/wp\/v2\/posts\/9877","targetHints":{"allow":["GET"]}}],"collection":[{"href":"https:\/\/www.abchukuk.com\/index.php\/wp-json\/wp\/v2\/posts"}],"about":[{"href":"https:\/\/www.abchukuk.com\/index.php\/wp-json\/wp\/v2\/types\/post"}],"author":[{"embeddable":true,"href":"https:\/\/www.abchukuk.com\/index.php\/wp-json\/wp\/v2\/users\/1"}],"replies":[{"embeddable":true,"href":"https:\/\/www.abchukuk.com\/index.php\/wp-json\/wp\/v2\/comments?post=9877"}],"version-history":[{"count":0,"href":"https:\/\/www.abchukuk.com\/index.php\/wp-json\/wp\/v2\/posts\/9877\/revisions"}],"wp:attachment":[{"href":"https:\/\/www.abchukuk.com\/index.php\/wp-json\/wp\/v2\/media?parent=9877"}],"wp:term":[{"taxonomy":"category","embeddable":true,"href":"https:\/\/www.abchukuk.com\/index.php\/wp-json\/wp\/v2\/categories?post=9877"},{"taxonomy":"post_tag","embeddable":true,"href":"https:\/\/www.abchukuk.com\/index.php\/wp-json\/wp\/v2\/tags?post=9877"}],"curies":[{"name":"wp","href":"https:\/\/api.w.org\/{rel}","templated":true}]}}