{"id":9875,"date":"2025-10-31T16:59:12","date_gmt":"2025-10-31T16:59:12","guid":{"rendered":"https:\/\/www.abchukuk.com\/index.php\/2025\/10\/31\/restoranda-savciyi-katletmisti-istenen-ceza-belli-oldu\/"},"modified":"2025-10-31T16:59:12","modified_gmt":"2025-10-31T16:59:12","slug":"restoranda-savciyi-katletmisti-istenen-ceza-belli-oldu","status":"publish","type":"post","link":"https:\/\/www.abchukuk.com\/index.php\/2025\/10\/31\/restoranda-savciyi-katletmisti-istenen-ceza-belli-oldu\/","title":{"rendered":"Restoranda savc\u0131y\u0131 katletmi\u015fti\u2026 \u0130stenen ceza belli oldu!"},"content":{"rendered":"<p>\u0130stanbul Adliyesi\u2019nde g\u00f6revli Cumhuriyet Savc\u0131s\u0131 Ercan Kayhan \u00c7ekmek\u00f6y\u2019de bir restoranda yemek yerken 19 ya\u015f\u0131ndaki Mustafa Can G\u00fcl taraf\u0131ndan bo\u011faz\u0131ndan b\u0131\u00e7aklanarak \u00f6ld\u00fcr\u00fclm\u00fc\u015ft\u00fc.<\/p>\n<p><img fetchpriority=\"high\" decoding=\"async\" class=\"alignnone size-full wp-image-164410\" src=\"https:\/\/www.son.tv\/wp-content\/uploads\/2025\/10\/IMG_1393.webp\" alt=\"\" width=\"537\" height=\"800\" \/><\/p>\n<p>A\u011eIRLA\u015eTIRILMI\u015e M\u00dcEBBET \u0130STEM\u0130<br \/>\nTutuklu san\u0131k Mustafa Can G\u00fcl hakk\u0131nda hakk\u0131nda a\u011f\u0131rla\u015ft\u0131r\u0131lm\u0131\u015f m\u00fcebbet hapis istemiyle iddianame d\u00fczenlendi.<\/p>\n<p>\u0130stanbul Adliyesi&#8217;nde g\u00f6revli Cumhuriyet Savc\u0131s\u0131 58 ya\u015f\u0131ndaki Ercan Kayhan&#8217;\u0131, \u00c7ekmek\u00f6y&#8217;deki bir restoranda yemek yerken bo\u011faz\u0131ndan b\u0131\u00e7aklayarak \u00f6ld\u00fcren tutuklu \u015f\u00fcpheli 19 ya\u015f\u0131ndaki Mustafa Can G\u00fcl hakk\u0131nda, a\u011f\u0131rla\u015ft\u0131r\u0131lm\u0131\u015f m\u00fcebbet hapis cezas\u0131 istemiyle iddianame d\u00fczenledi.\u00a0<a href=\"https:\/\/www.son.tv\/restoranda-savciyi-katletmisti-istenen-ceza-belli-oldu\/\" target=\"_blank\" class=\"feedzy-rss-link-icon\">Read More<\/a><\/p>","protected":false},"excerpt":{"rendered":"<p>\u0130stanbul Adliyesi\u2019nde g\u00f6revli Cumhuriyet Savc\u0131s\u0131 Ercan Kayhan \u00c7ekmek\u00f6y\u2019de bir restoranda yemek yerken 19 ya\u015f\u0131ndaki Mustafa Can G\u00fcl taraf\u0131ndan bo\u011faz\u0131ndan b\u0131\u00e7aklanarak \u00f6ld\u00fcr\u00fclm\u00fc\u015ft\u00fc. A\u011eIRLA\u015eTIRILMI\u015e M\u00dcEBBET \u0130STEM\u0130 Tutuklu san\u0131k Mustafa Can G\u00fcl hakk\u0131nda hakk\u0131nda a\u011f\u0131rla\u015ft\u0131r\u0131lm\u0131\u015f m\u00fcebbet hapis istemiyle iddianame d\u00fczenlendi. \u0130stanbul Adliyesi&#8217;nde g\u00f6revli Cumhuriyet Savc\u0131s\u0131 58 ya\u015f\u0131ndaki Ercan Kayhan&#8217;\u0131, \u00c7ekmek\u00f6y&#8217;deki bir restoranda yemek yerken bo\u011faz\u0131ndan b\u0131\u00e7aklayarak \u00f6ld\u00fcren tutuklu [&hellip;]<\/p>\n","protected":false},"author":1,"featured_media":9876,"comment_status":"open","ping_status":"open","sticky":false,"template":"","format":"standard","meta":{"footnotes":"","_links_to":"","_links_to_target":""},"categories":[1],"tags":[],"class_list":["post-9875","post","type-post","status-publish","format-standard","has-post-thumbnail","hentry","category-haberler"],"_links":{"self":[{"href":"https:\/\/www.abchukuk.com\/index.php\/wp-json\/wp\/v2\/posts\/9875","targetHints":{"allow":["GET"]}}],"collection":[{"href":"https:\/\/www.abchukuk.com\/index.php\/wp-json\/wp\/v2\/posts"}],"about":[{"href":"https:\/\/www.abchukuk.com\/index.php\/wp-json\/wp\/v2\/types\/post"}],"author":[{"embeddable":true,"href":"https:\/\/www.abchukuk.com\/index.php\/wp-json\/wp\/v2\/users\/1"}],"replies":[{"embeddable":true,"href":"https:\/\/www.abchukuk.com\/index.php\/wp-json\/wp\/v2\/comments?post=9875"}],"version-history":[{"count":0,"href":"https:\/\/www.abchukuk.com\/index.php\/wp-json\/wp\/v2\/posts\/9875\/revisions"}],"wp:featuredmedia":[{"embeddable":true,"href":"https:\/\/www.abchukuk.com\/index.php\/wp-json\/wp\/v2\/media\/9876"}],"wp:attachment":[{"href":"https:\/\/www.abchukuk.com\/index.php\/wp-json\/wp\/v2\/media?parent=9875"}],"wp:term":[{"taxonomy":"category","embeddable":true,"href":"https:\/\/www.abchukuk.com\/index.php\/wp-json\/wp\/v2\/categories?post=9875"},{"taxonomy":"post_tag","embeddable":true,"href":"https:\/\/www.abchukuk.com\/index.php\/wp-json\/wp\/v2\/tags?post=9875"}],"curies":[{"name":"wp","href":"https:\/\/api.w.org\/{rel}","templated":true}]}}