{"id":9868,"date":"2025-10-31T16:38:00","date_gmt":"2025-10-31T16:38:00","guid":{"rendered":"https:\/\/www.abchukuk.com\/index.php\/2025\/10\/31\/ekrem-imamoglu-hukuk-bir-gun-herkes-icin-gercek-anlamiyla-islemeye-baslayacak\/"},"modified":"2025-10-31T16:38:00","modified_gmt":"2025-10-31T16:38:00","slug":"ekrem-imamoglu-hukuk-bir-gun-herkes-icin-gercek-anlamiyla-islemeye-baslayacak","status":"publish","type":"post","link":"https:\/\/www.abchukuk.com\/index.php\/2025\/10\/31\/ekrem-imamoglu-hukuk-bir-gun-herkes-icin-gercek-anlamiyla-islemeye-baslayacak\/","title":{"rendered":"Ekrem \u0130mamo\u011flu: &#8216;Hukuk, bir g\u00fcn herkes i\u00e7in ger\u00e7ek anlam\u0131yla i\u015flemeye ba\u015flayacak&#8217;"},"content":{"rendered":"<p>CHP&#8217;nin tutuklu Cumhurba\u015fkan\u0131 aday\u0131 Ekrem \u0130mamo\u011flu, &#8220;Etkin pi\u015fmanl\u0131k ad\u0131 alt\u0131nda kurgulanan kumpas alenen \u00e7\u00f6km\u00fc\u015ft\u00fcr. Daha \u00f6nce &#8216;iftirac\u0131&#8217; yap\u0131l\u0131p tahliye edilen bir ki\u015finin ifadelerindeki \u00e7eli\u015fkiler nedeniyle yeniden tutuklanmas\u0131, bu dosyan\u0131n nas\u0131l bir y\u00f6ntemle y\u00fcr\u00fct\u00fcld\u00fc\u011f\u00fcn\u00fc a\u00e7\u0131k\u00e7a g\u00f6steriyor.&#8221; dedi.CHP&#8217;nin tutuklu Cumhurba\u015fkan\u0131 aday\u0131 Ekrem \u0130mamo\u011flu, &#8220;Etkin pi\u015fmanl\u0131k ad\u0131 alt\u0131nda kurgulanan kumpas alenen \u00e7\u00f6km\u00fc\u015ft\u00fcr. Daha \u00f6nce &#8216;iftirac\u0131&#8217; yap\u0131l\u0131p tahliye edilen bir ki\u015finin ifadelerindeki \u00e7eli\u015fkiler nedeniyle yeniden tutuklanmas\u0131, bu dosyan\u0131n nas\u0131l bir y\u00f6ntemle y\u00fcr\u00fct\u00fcld\u00fc\u011f\u00fcn\u00fc a\u00e7\u0131k\u00e7a g\u00f6steriyor.&#8221; dedi.\u00a0<a href=\"https:\/\/www.cumhuriyet.com.tr\/turkiye\/ekrem-imamoglu-hukuk-bir-gun-herkes-icin-gercek-anlamiyla-islemeye-baslayacak-2448671\" target=\"_blank\" class=\"feedzy-rss-link-icon\">Read More<\/a><\/p>","protected":false},"excerpt":{"rendered":"<p>CHP&#8217;nin tutuklu Cumhurba\u015fkan\u0131 aday\u0131 Ekrem \u0130mamo\u011flu, &#8220;Etkin pi\u015fmanl\u0131k ad\u0131 alt\u0131nda kurgulanan kumpas alenen \u00e7\u00f6km\u00fc\u015ft\u00fcr. Daha \u00f6nce &#8216;iftirac\u0131&#8217; yap\u0131l\u0131p tahliye edilen bir ki\u015finin ifadelerindeki \u00e7eli\u015fkiler nedeniyle yeniden tutuklanmas\u0131, bu dosyan\u0131n nas\u0131l bir y\u00f6ntemle y\u00fcr\u00fct\u00fcld\u00fc\u011f\u00fcn\u00fc a\u00e7\u0131k\u00e7a g\u00f6steriyor.&#8221; dedi.CHP&#8217;nin tutuklu Cumhurba\u015fkan\u0131 aday\u0131 Ekrem \u0130mamo\u011flu, &#8220;Etkin pi\u015fmanl\u0131k ad\u0131 alt\u0131nda kurgulanan kumpas alenen \u00e7\u00f6km\u00fc\u015ft\u00fcr. Daha \u00f6nce &#8216;iftirac\u0131&#8217; yap\u0131l\u0131p tahliye edilen [&hellip;]<\/p>\n","protected":false},"author":1,"featured_media":9869,"comment_status":"open","ping_status":"open","sticky":false,"template":"","format":"standard","meta":{"footnotes":"","_links_to":"","_links_to_target":""},"categories":[1],"tags":[],"class_list":["post-9868","post","type-post","status-publish","format-standard","has-post-thumbnail","hentry","category-haberler"],"_links":{"self":[{"href":"https:\/\/www.abchukuk.com\/index.php\/wp-json\/wp\/v2\/posts\/9868","targetHints":{"allow":["GET"]}}],"collection":[{"href":"https:\/\/www.abchukuk.com\/index.php\/wp-json\/wp\/v2\/posts"}],"about":[{"href":"https:\/\/www.abchukuk.com\/index.php\/wp-json\/wp\/v2\/types\/post"}],"author":[{"embeddable":true,"href":"https:\/\/www.abchukuk.com\/index.php\/wp-json\/wp\/v2\/users\/1"}],"replies":[{"embeddable":true,"href":"https:\/\/www.abchukuk.com\/index.php\/wp-json\/wp\/v2\/comments?post=9868"}],"version-history":[{"count":0,"href":"https:\/\/www.abchukuk.com\/index.php\/wp-json\/wp\/v2\/posts\/9868\/revisions"}],"wp:featuredmedia":[{"embeddable":true,"href":"https:\/\/www.abchukuk.com\/index.php\/wp-json\/wp\/v2\/media\/9869"}],"wp:attachment":[{"href":"https:\/\/www.abchukuk.com\/index.php\/wp-json\/wp\/v2\/media?parent=9868"}],"wp:term":[{"taxonomy":"category","embeddable":true,"href":"https:\/\/www.abchukuk.com\/index.php\/wp-json\/wp\/v2\/categories?post=9868"},{"taxonomy":"post_tag","embeddable":true,"href":"https:\/\/www.abchukuk.com\/index.php\/wp-json\/wp\/v2\/tags?post=9868"}],"curies":[{"name":"wp","href":"https:\/\/api.w.org\/{rel}","templated":true}]}}