{"id":9865,"date":"2025-10-31T15:05:00","date_gmt":"2025-10-31T15:05:00","guid":{"rendered":"https:\/\/www.abchukuk.com\/index.php\/2025\/10\/31\/savciliktan-chpli-emirin-huseyin-gun-kaybedildi-iddiasina-yanit\/"},"modified":"2025-10-31T15:05:00","modified_gmt":"2025-10-31T15:05:00","slug":"savciliktan-chpli-emirin-huseyin-gun-kaybedildi-iddiasina-yanit","status":"publish","type":"post","link":"https:\/\/www.abchukuk.com\/index.php\/2025\/10\/31\/savciliktan-chpli-emirin-huseyin-gun-kaybedildi-iddiasina-yanit\/","title":{"rendered":"Savc\u0131l\u0131ktan CHP\u2019li Emir\u2019in &#8216;H\u00fcseyin G\u00fcn kaybedildi&#8217; iddias\u0131na yan\u0131t"},"content":{"rendered":"<p>CHP Grup Ba\u015fkanvekili Murat Emir\u2019in TBMM\u2019de dile getirdi\u011fi \u201cH\u00fcseyin G\u00fcn kaybedildi\u201d iddias\u0131na \u0130stanbul Cumhuriyet Ba\u015fsavc\u0131l\u0131\u011f\u0131\u2019ndan a\u00e7\u0131klama geldi. Savc\u0131l\u0131k, G\u00fcn\u2019\u00fcn r\u0131zas\u0131 al\u0131narak h\u00e2kim karar\u0131yla cezaevinden ge\u00e7ici olarak \u00e7\u0131kar\u0131ld\u0131\u011f\u0131n\u0131 ve ifade i\u015flemlerinin ard\u0131ndan yeniden cezaevine g\u00f6nderildi\u011fini bildirdi.CHP Grup Ba\u015fkanvekili Murat Emir\u2019in TBMM\u2019de dile getirdi\u011fi \u201cH\u00fcseyin G\u00fcn kaybedildi\u201d iddias\u0131na \u0130stanbul Cumhuriyet Ba\u015fsavc\u0131l\u0131\u011f\u0131\u2019ndan a\u00e7\u0131klama geldi. Savc\u0131l\u0131k, G\u00fcn\u2019\u00fcn r\u0131zas\u0131 al\u0131narak h\u00e2kim karar\u0131yla cezaevinden ge\u00e7ici olarak \u00e7\u0131kar\u0131ld\u0131\u011f\u0131n\u0131 ve ifade i\u015flemlerinin ard\u0131ndan yeniden cezaevine g\u00f6nderildi\u011fini bildirdi.\u00a0<a href=\"https:\/\/www.cumhuriyet.com.tr\/siyaset\/savciliktan-chp-li-emir-in-huseyin-gun-kaybedildi-iddiasina-yanit-2448656\" target=\"_blank\" class=\"feedzy-rss-link-icon\">Read More<\/a><\/p>","protected":false},"excerpt":{"rendered":"<p>CHP Grup Ba\u015fkanvekili Murat Emir\u2019in TBMM\u2019de dile getirdi\u011fi \u201cH\u00fcseyin G\u00fcn kaybedildi\u201d iddias\u0131na \u0130stanbul Cumhuriyet Ba\u015fsavc\u0131l\u0131\u011f\u0131\u2019ndan a\u00e7\u0131klama geldi. Savc\u0131l\u0131k, G\u00fcn\u2019\u00fcn r\u0131zas\u0131 al\u0131narak h\u00e2kim karar\u0131yla cezaevinden ge\u00e7ici olarak \u00e7\u0131kar\u0131ld\u0131\u011f\u0131n\u0131 ve ifade i\u015flemlerinin ard\u0131ndan yeniden cezaevine g\u00f6nderildi\u011fini bildirdi.CHP Grup Ba\u015fkanvekili Murat Emir\u2019in TBMM\u2019de dile getirdi\u011fi \u201cH\u00fcseyin G\u00fcn kaybedildi\u201d iddias\u0131na \u0130stanbul Cumhuriyet Ba\u015fsavc\u0131l\u0131\u011f\u0131\u2019ndan a\u00e7\u0131klama geldi. Savc\u0131l\u0131k, G\u00fcn\u2019\u00fcn r\u0131zas\u0131 al\u0131narak [&hellip;]<\/p>\n","protected":false},"author":1,"featured_media":9866,"comment_status":"open","ping_status":"open","sticky":false,"template":"","format":"standard","meta":{"footnotes":"","_links_to":"","_links_to_target":""},"categories":[1],"tags":[],"class_list":["post-9865","post","type-post","status-publish","format-standard","has-post-thumbnail","hentry","category-haberler"],"_links":{"self":[{"href":"https:\/\/www.abchukuk.com\/index.php\/wp-json\/wp\/v2\/posts\/9865","targetHints":{"allow":["GET"]}}],"collection":[{"href":"https:\/\/www.abchukuk.com\/index.php\/wp-json\/wp\/v2\/posts"}],"about":[{"href":"https:\/\/www.abchukuk.com\/index.php\/wp-json\/wp\/v2\/types\/post"}],"author":[{"embeddable":true,"href":"https:\/\/www.abchukuk.com\/index.php\/wp-json\/wp\/v2\/users\/1"}],"replies":[{"embeddable":true,"href":"https:\/\/www.abchukuk.com\/index.php\/wp-json\/wp\/v2\/comments?post=9865"}],"version-history":[{"count":0,"href":"https:\/\/www.abchukuk.com\/index.php\/wp-json\/wp\/v2\/posts\/9865\/revisions"}],"wp:featuredmedia":[{"embeddable":true,"href":"https:\/\/www.abchukuk.com\/index.php\/wp-json\/wp\/v2\/media\/9866"}],"wp:attachment":[{"href":"https:\/\/www.abchukuk.com\/index.php\/wp-json\/wp\/v2\/media?parent=9865"}],"wp:term":[{"taxonomy":"category","embeddable":true,"href":"https:\/\/www.abchukuk.com\/index.php\/wp-json\/wp\/v2\/categories?post=9865"},{"taxonomy":"post_tag","embeddable":true,"href":"https:\/\/www.abchukuk.com\/index.php\/wp-json\/wp\/v2\/tags?post=9865"}],"curies":[{"name":"wp","href":"https:\/\/api.w.org\/{rel}","templated":true}]}}