{"id":9863,"date":"2025-10-31T15:48:00","date_gmt":"2025-10-31T15:48:00","guid":{"rendered":"https:\/\/www.abchukuk.com\/index.php\/2025\/10\/31\/tutuklu-merdan-yanardagdan-mesaj-bu-tertip-de-bozulacak-ve-bu-zulme-boyun-egmeyecegim\/"},"modified":"2025-10-31T15:48:00","modified_gmt":"2025-10-31T15:48:00","slug":"tutuklu-merdan-yanardagdan-mesaj-bu-tertip-de-bozulacak-ve-bu-zulme-boyun-egmeyecegim","status":"publish","type":"post","link":"https:\/\/www.abchukuk.com\/index.php\/2025\/10\/31\/tutuklu-merdan-yanardagdan-mesaj-bu-tertip-de-bozulacak-ve-bu-zulme-boyun-egmeyecegim\/","title":{"rendered":"Tutuklu Merdan Yanarda\u011f&#8217;dan mesaj: &#8216;Bu tertip de bozulacak ve bu zulme boyun e\u011fmeyece\u011fim&#8217;"},"content":{"rendered":"<p>Tutuklu bulunan TELE1 Genel Yay\u0131n Y\u00f6netmeni Merdan Yanarda\u011f, cezaevinden g\u00f6nderdi\u011fi mesajda, \u201cGazetecilerin kurdu\u011fu TELE1\u2019i b\u00fcy\u00fck imkans\u0131zl\u0131klara ra\u011fmen halkla bulu\u015fturduk. Bu tertip de bozulacak\u201d dedi.Tutuklu bulunan TELE1 Genel Yay\u0131n Y\u00f6netmeni Merdan Yanarda\u011f, cezaevinden g\u00f6nderdi\u011fi mesajda, \u201cGazetecilerin kurdu\u011fu TELE1\u2019i b\u00fcy\u00fck imkans\u0131zl\u0131klara ra\u011fmen halkla bulu\u015fturduk. Bu tertip de bozulacak\u201d dedi.\u00a0<a href=\"https:\/\/www.cumhuriyet.com.tr\/turkiye\/tutuklu-merdan-yanardag-dan-mesaj-bu-tertip-de-bozulacak-ve-bu-zulme-boyun-egmeyecegim-2448662\" target=\"_blank\" class=\"feedzy-rss-link-icon\">Read More<\/a><\/p>","protected":false},"excerpt":{"rendered":"<p>Tutuklu bulunan TELE1 Genel Yay\u0131n Y\u00f6netmeni Merdan Yanarda\u011f, cezaevinden g\u00f6nderdi\u011fi mesajda, \u201cGazetecilerin kurdu\u011fu TELE1\u2019i b\u00fcy\u00fck imkans\u0131zl\u0131klara ra\u011fmen halkla bulu\u015fturduk. Bu tertip de bozulacak\u201d dedi.Tutuklu bulunan TELE1 Genel Yay\u0131n Y\u00f6netmeni Merdan Yanarda\u011f, cezaevinden g\u00f6nderdi\u011fi mesajda, \u201cGazetecilerin kurdu\u011fu TELE1\u2019i b\u00fcy\u00fck imkans\u0131zl\u0131klara ra\u011fmen halkla bulu\u015fturduk. Bu tertip de bozulacak\u201d dedi.\u00a0Read More<\/p>\n","protected":false},"author":1,"featured_media":9864,"comment_status":"open","ping_status":"open","sticky":false,"template":"","format":"standard","meta":{"footnotes":"","_links_to":"","_links_to_target":""},"categories":[1],"tags":[],"class_list":["post-9863","post","type-post","status-publish","format-standard","has-post-thumbnail","hentry","category-haberler"],"_links":{"self":[{"href":"https:\/\/www.abchukuk.com\/index.php\/wp-json\/wp\/v2\/posts\/9863","targetHints":{"allow":["GET"]}}],"collection":[{"href":"https:\/\/www.abchukuk.com\/index.php\/wp-json\/wp\/v2\/posts"}],"about":[{"href":"https:\/\/www.abchukuk.com\/index.php\/wp-json\/wp\/v2\/types\/post"}],"author":[{"embeddable":true,"href":"https:\/\/www.abchukuk.com\/index.php\/wp-json\/wp\/v2\/users\/1"}],"replies":[{"embeddable":true,"href":"https:\/\/www.abchukuk.com\/index.php\/wp-json\/wp\/v2\/comments?post=9863"}],"version-history":[{"count":0,"href":"https:\/\/www.abchukuk.com\/index.php\/wp-json\/wp\/v2\/posts\/9863\/revisions"}],"wp:featuredmedia":[{"embeddable":true,"href":"https:\/\/www.abchukuk.com\/index.php\/wp-json\/wp\/v2\/media\/9864"}],"wp:attachment":[{"href":"https:\/\/www.abchukuk.com\/index.php\/wp-json\/wp\/v2\/media?parent=9863"}],"wp:term":[{"taxonomy":"category","embeddable":true,"href":"https:\/\/www.abchukuk.com\/index.php\/wp-json\/wp\/v2\/categories?post=9863"},{"taxonomy":"post_tag","embeddable":true,"href":"https:\/\/www.abchukuk.com\/index.php\/wp-json\/wp\/v2\/tags?post=9863"}],"curies":[{"name":"wp","href":"https:\/\/api.w.org\/{rel}","templated":true}]}}