{"id":9861,"date":"2025-10-31T14:33:00","date_gmt":"2025-10-31T14:33:00","guid":{"rendered":"https:\/\/www.abchukuk.com\/index.php\/2025\/10\/31\/ibbye-casusluk-sorusturmasinda-4-kisiye-tutuklama-talebi\/"},"modified":"2025-10-31T14:33:00","modified_gmt":"2025-10-31T14:33:00","slug":"ibbye-casusluk-sorusturmasinda-4-kisiye-tutuklama-talebi","status":"publish","type":"post","link":"https:\/\/www.abchukuk.com\/index.php\/2025\/10\/31\/ibbye-casusluk-sorusturmasinda-4-kisiye-tutuklama-talebi\/","title":{"rendered":"\u0130BB&#8217;ye \u2018Casusluk\u2019 Soru\u015fturmas\u0131nda 4 Ki\u015fiye Tutuklama Talebi"},"content":{"rendered":"<p><a href=\"https:\/\/www.gercekgundem.com\/guncel\/ibbye-casusluk-sorusturmasinda-4-kisiye-tutuklama-talebi-561251\"><br \/>\n                                                            <img decoding=\"async\" src=\"https:\/\/i.gercekgundem.com\/2\/150\/84\/storage\/files\/images\/2025\/10\/31\/ibbye-casusluk-sorusturmasinda-4-kisiye-tutuklama-talebi-5nrc.jpg\" width=\"150\" height=\"84\" border=\"0\" align=\"right\" \/><br \/>\n                                                    <\/a><\/p>\n<h4>\u0130BB&#8217;ye y\u00f6nelik \u201ccasusluk\u201d soru\u015fturmas\u0131 kapsam\u0131nda g\u00f6zalt\u0131na al\u0131nan 5 ki\u015fiden 4\u2019\u00fc tutuklama, 1\u2019i ise adli kontrol talebiyle Sulh Ceza Hakimli\u011fi\u2019ne sevk edildi.<\/h4>\n<p>\u0130BB&#8217;ye y\u00f6nelik \u201ccasusluk\u201d soru\u015fturmas\u0131 kapsam\u0131nda g\u00f6zalt\u0131na al\u0131nan 5 ki\u015fiden 4\u2019\u00fc tutuklama, 1\u2019i ise adli kontrol talebiyle Sulh Ceza Hakimli\u011fi\u2019ne sevk edildi.\u00a0<a href=\"https:\/\/www.gercekgundem.com\/guncel\/ibbye-casusluk-sorusturmasinda-4-kisiye-tutuklama-talebi-561251\" target=\"_blank\" class=\"feedzy-rss-link-icon\">Read More<\/a><\/p>","protected":false},"excerpt":{"rendered":"<p>\u0130BB&#8217;ye y\u00f6nelik \u201ccasusluk\u201d soru\u015fturmas\u0131 kapsam\u0131nda g\u00f6zalt\u0131na al\u0131nan 5 ki\u015fiden 4\u2019\u00fc tutuklama, 1\u2019i ise adli kontrol talebiyle Sulh Ceza Hakimli\u011fi\u2019ne sevk edildi. \u0130BB&#8217;ye y\u00f6nelik \u201ccasusluk\u201d soru\u015fturmas\u0131 kapsam\u0131nda g\u00f6zalt\u0131na al\u0131nan 5 ki\u015fiden 4\u2019\u00fc tutuklama, 1\u2019i ise adli kontrol talebiyle Sulh Ceza Hakimli\u011fi\u2019ne sevk edildi.\u00a0Read More<\/p>\n","protected":false},"author":1,"featured_media":9862,"comment_status":"open","ping_status":"open","sticky":false,"template":"","format":"standard","meta":{"footnotes":"","_links_to":"","_links_to_target":""},"categories":[1],"tags":[],"class_list":["post-9861","post","type-post","status-publish","format-standard","has-post-thumbnail","hentry","category-haberler"],"_links":{"self":[{"href":"https:\/\/www.abchukuk.com\/index.php\/wp-json\/wp\/v2\/posts\/9861","targetHints":{"allow":["GET"]}}],"collection":[{"href":"https:\/\/www.abchukuk.com\/index.php\/wp-json\/wp\/v2\/posts"}],"about":[{"href":"https:\/\/www.abchukuk.com\/index.php\/wp-json\/wp\/v2\/types\/post"}],"author":[{"embeddable":true,"href":"https:\/\/www.abchukuk.com\/index.php\/wp-json\/wp\/v2\/users\/1"}],"replies":[{"embeddable":true,"href":"https:\/\/www.abchukuk.com\/index.php\/wp-json\/wp\/v2\/comments?post=9861"}],"version-history":[{"count":0,"href":"https:\/\/www.abchukuk.com\/index.php\/wp-json\/wp\/v2\/posts\/9861\/revisions"}],"wp:featuredmedia":[{"embeddable":true,"href":"https:\/\/www.abchukuk.com\/index.php\/wp-json\/wp\/v2\/media\/9862"}],"wp:attachment":[{"href":"https:\/\/www.abchukuk.com\/index.php\/wp-json\/wp\/v2\/media?parent=9861"}],"wp:term":[{"taxonomy":"category","embeddable":true,"href":"https:\/\/www.abchukuk.com\/index.php\/wp-json\/wp\/v2\/categories?post=9861"},{"taxonomy":"post_tag","embeddable":true,"href":"https:\/\/www.abchukuk.com\/index.php\/wp-json\/wp\/v2\/tags?post=9861"}],"curies":[{"name":"wp","href":"https:\/\/api.w.org\/{rel}","templated":true}]}}