{"id":9858,"date":"2025-10-31T12:33:30","date_gmt":"2025-10-31T12:33:30","guid":{"rendered":"https:\/\/www.abchukuk.com\/index.php\/2025\/10\/31\/kartalkaya-yanginina-iliskin-davada-otel-sahibi-dahil-11-kisiye-agirlastirilmis-muebbet-hapis-cezasi\/"},"modified":"2025-10-31T12:33:30","modified_gmt":"2025-10-31T12:33:30","slug":"kartalkaya-yanginina-iliskin-davada-otel-sahibi-dahil-11-kisiye-agirlastirilmis-muebbet-hapis-cezasi","status":"publish","type":"post","link":"https:\/\/www.abchukuk.com\/index.php\/2025\/10\/31\/kartalkaya-yanginina-iliskin-davada-otel-sahibi-dahil-11-kisiye-agirlastirilmis-muebbet-hapis-cezasi\/","title":{"rendered":"Kartalkaya yang\u0131n\u0131na ili\u015fkin davada otel sahibi dahil 11 ki\u015fiye a\u011f\u0131rla\u015ft\u0131r\u0131lm\u0131\u015f m\u00fcebbet hapis cezas\u0131"},"content":{"rendered":"<p>Hakk\u0131nda m\u00fcebbet hapis cezas\u0131 verilen otel sahibi Halit Erg\u00fcl, K\u00fclt\u00fcr ve Turizm Bakanl\u0131\u011f\u0131&#8217;n\u0131 itham ederek, &#8216;Eksiklik oldu\u011fu halde bana iletilmiyor. Yang\u0131ndan sonra bir\u00e7ok otel kapat\u0131ld\u0131. Onlar\u0131n denetleme g\u00f6revinde g\u00f6rmedikleri eksiklikleri benim g\u00f6rmem m\u00fcmk\u00fcn de\u011fil,&#8217; ifadeleriyle kendini savundu.Hakk\u0131nda m\u00fcebbet hapis cezas\u0131 verilen otel sahibi Halit Erg\u00fcl, K\u00fclt\u00fcr ve Turizm Bakanl\u0131\u011f\u0131&#8217;n\u0131 itham ederek, &#8216;Eksiklik oldu\u011fu halde bana iletilmiyor. Yang\u0131ndan sonra bir\u00e7ok otel kapat\u0131ld\u0131. Onlar\u0131n denetleme g\u00f6revinde g\u00f6rmedikleri eksiklikleri benim g\u00f6rmem m\u00fcmk\u00fcn de\u011fil,&#8217; ifadeleriyle kendini savundu.\u00a0<a href=\"http:\/\/tr.euronews.com\/2025\/10\/31\/kartalkaya-yanginina-iliskin-davada-otel-sahibi-dahil-11-kisiye-agirlastirilmis-muebbet-ha\" target=\"_blank\" class=\"feedzy-rss-link-icon\">Read More<\/a><\/p>","protected":false},"excerpt":{"rendered":"<p>Hakk\u0131nda m\u00fcebbet hapis cezas\u0131 verilen otel sahibi Halit Erg\u00fcl, K\u00fclt\u00fcr ve Turizm Bakanl\u0131\u011f\u0131&#8217;n\u0131 itham ederek, &#8216;Eksiklik oldu\u011fu halde bana iletilmiyor. Yang\u0131ndan sonra bir\u00e7ok otel kapat\u0131ld\u0131. Onlar\u0131n denetleme g\u00f6revinde g\u00f6rmedikleri eksiklikleri benim g\u00f6rmem m\u00fcmk\u00fcn de\u011fil,&#8217; ifadeleriyle kendini savundu.Hakk\u0131nda m\u00fcebbet hapis cezas\u0131 verilen otel sahibi Halit Erg\u00fcl, K\u00fclt\u00fcr ve Turizm Bakanl\u0131\u011f\u0131&#8217;n\u0131 itham ederek, &#8216;Eksiklik oldu\u011fu halde bana [&hellip;]<\/p>\n","protected":false},"author":1,"featured_media":0,"comment_status":"open","ping_status":"open","sticky":false,"template":"","format":"standard","meta":{"footnotes":"","_links_to":"","_links_to_target":""},"categories":[1],"tags":[],"class_list":["post-9858","post","type-post","status-publish","format-standard","hentry","category-haberler"],"_links":{"self":[{"href":"https:\/\/www.abchukuk.com\/index.php\/wp-json\/wp\/v2\/posts\/9858","targetHints":{"allow":["GET"]}}],"collection":[{"href":"https:\/\/www.abchukuk.com\/index.php\/wp-json\/wp\/v2\/posts"}],"about":[{"href":"https:\/\/www.abchukuk.com\/index.php\/wp-json\/wp\/v2\/types\/post"}],"author":[{"embeddable":true,"href":"https:\/\/www.abchukuk.com\/index.php\/wp-json\/wp\/v2\/users\/1"}],"replies":[{"embeddable":true,"href":"https:\/\/www.abchukuk.com\/index.php\/wp-json\/wp\/v2\/comments?post=9858"}],"version-history":[{"count":0,"href":"https:\/\/www.abchukuk.com\/index.php\/wp-json\/wp\/v2\/posts\/9858\/revisions"}],"wp:attachment":[{"href":"https:\/\/www.abchukuk.com\/index.php\/wp-json\/wp\/v2\/media?parent=9858"}],"wp:term":[{"taxonomy":"category","embeddable":true,"href":"https:\/\/www.abchukuk.com\/index.php\/wp-json\/wp\/v2\/categories?post=9858"},{"taxonomy":"post_tag","embeddable":true,"href":"https:\/\/www.abchukuk.com\/index.php\/wp-json\/wp\/v2\/tags?post=9858"}],"curies":[{"name":"wp","href":"https:\/\/api.w.org\/{rel}","templated":true}]}}