{"id":9851,"date":"2025-10-31T13:25:00","date_gmt":"2025-10-31T13:25:00","guid":{"rendered":"https:\/\/www.abchukuk.com\/index.php\/2025\/10\/31\/vanda-rojin-kabais-icin-adalet-cagrisi-tulay-hatimogullari-kamuoyunu-intihar-adi-altinda-yaniltmaya-kalkmalarina-musaade-etmeyecegiz\/"},"modified":"2025-10-31T13:25:00","modified_gmt":"2025-10-31T13:25:00","slug":"vanda-rojin-kabais-icin-adalet-cagrisi-tulay-hatimogullari-kamuoyunu-intihar-adi-altinda-yaniltmaya-kalkmalarina-musaade-etmeyecegiz","status":"publish","type":"post","link":"https:\/\/www.abchukuk.com\/index.php\/2025\/10\/31\/vanda-rojin-kabais-icin-adalet-cagrisi-tulay-hatimogullari-kamuoyunu-intihar-adi-altinda-yaniltmaya-kalkmalarina-musaade-etmeyecegiz\/","title":{"rendered":"Van&#8217;da Rojin Kabai\u015f i\u00e7in adalet \u00e7a\u011fr\u0131s\u0131&#8230; T\u00fclay Hatimo\u011fullar\u0131: &#8216;Kamuoyunu intihar ad\u0131 alt\u0131nda yan\u0131ltmaya kalkmalar\u0131na m\u00fcsaade etmeyece\u011fiz&#8217;"},"content":{"rendered":"<p>Rojin Kabai\u015f&#8217;in \u015f\u00fcpheli \u00f6l\u00fcm\u00fcn\u00fcn ayd\u0131nlat\u0131lmas\u0131 talebiyle d\u00fczenlenen eylemde konu\u015fan DEM Parti E\u015f Genel Ba\u015fkan\u0131 T\u00fclay Hatimo\u011fullar\u0131, ortada ciddi bir kast\u0131n oldu\u011funa dikkat \u00e7ekerek, \u201cATK&#8217;nin raporlar\u0131na g\u00f6re iki erke\u011fin DNA&#8217;s\u0131 Rojin\u2019in bedeni \u00fczerinde tespit edilmi\u015f olmas\u0131na, belgelenmi\u015f olmas\u0131na ra\u011fmen bunun \u00fczerine gitmeyip bunun \u00fczerinde detayl\u0131 bir soru\u015fturmay\u0131 ger\u00e7ekle\u015ftirmeyip T\u00fcrkiye kamuoyunu intihar ad\u0131 alt\u0131nda yan\u0131ltmaya kalkmalar\u0131na bizler m\u00fcsaade etmedik, etmeyece\u011fiz\u201d dedi.Rojin Kabai\u015f&#8217;in \u015f\u00fcpheli \u00f6l\u00fcm\u00fcn\u00fcn ayd\u0131nlat\u0131lmas\u0131 talebiyle d\u00fczenlenen eylemde konu\u015fan DEM Parti E\u015f Genel Ba\u015fkan\u0131 T\u00fclay Hatimo\u011fullar\u0131, ortada ciddi bir kast\u0131n oldu\u011funa dikkat \u00e7ekerek, \u201cATK&#8217;nin raporlar\u0131na g\u00f6re iki erke\u011fin DNA&#8217;s\u0131 Rojin\u2019in bedeni \u00fczerinde tespit edilmi\u015f olmas\u0131na, belgelenmi\u015f olmas\u0131na ra\u011fmen bunun \u00fczerine gitmeyip bunun \u00fczerinde detayl\u0131 bir soru\u015fturmay\u0131 ger\u00e7ekle\u015ftirmeyip T\u00fcrkiye kamuoyunu intihar ad\u0131 alt\u0131nda yan\u0131ltmaya kalkmalar\u0131na bizler m\u00fcsaade etmedik, etmeyece\u011fiz\u201d dedi.\u00a0<a href=\"https:\/\/www.cumhuriyet.com.tr\/turkiye\/van-da-rojin-kabais-icin-adalet-cagrisi-tulay-hatimogullari-kamuoyunu-intihar-adi-altinda-yaniltmaya-kalkmalarina-musaade-etmeyecegiz-2448615\" target=\"_blank\" class=\"feedzy-rss-link-icon\">Read More<\/a><\/p>","protected":false},"excerpt":{"rendered":"<p>Rojin Kabai\u015f&#8217;in \u015f\u00fcpheli \u00f6l\u00fcm\u00fcn\u00fcn ayd\u0131nlat\u0131lmas\u0131 talebiyle d\u00fczenlenen eylemde konu\u015fan DEM Parti E\u015f Genel Ba\u015fkan\u0131 T\u00fclay Hatimo\u011fullar\u0131, ortada ciddi bir kast\u0131n oldu\u011funa dikkat \u00e7ekerek, \u201cATK&#8217;nin raporlar\u0131na g\u00f6re iki erke\u011fin DNA&#8217;s\u0131 Rojin\u2019in bedeni \u00fczerinde tespit edilmi\u015f olmas\u0131na, belgelenmi\u015f olmas\u0131na ra\u011fmen bunun \u00fczerine gitmeyip bunun \u00fczerinde detayl\u0131 bir soru\u015fturmay\u0131 ger\u00e7ekle\u015ftirmeyip T\u00fcrkiye kamuoyunu intihar ad\u0131 alt\u0131nda yan\u0131ltmaya kalkmalar\u0131na bizler [&hellip;]<\/p>\n","protected":false},"author":1,"featured_media":9852,"comment_status":"open","ping_status":"open","sticky":false,"template":"","format":"standard","meta":{"footnotes":"","_links_to":"","_links_to_target":""},"categories":[1],"tags":[],"class_list":["post-9851","post","type-post","status-publish","format-standard","has-post-thumbnail","hentry","category-haberler"],"_links":{"self":[{"href":"https:\/\/www.abchukuk.com\/index.php\/wp-json\/wp\/v2\/posts\/9851","targetHints":{"allow":["GET"]}}],"collection":[{"href":"https:\/\/www.abchukuk.com\/index.php\/wp-json\/wp\/v2\/posts"}],"about":[{"href":"https:\/\/www.abchukuk.com\/index.php\/wp-json\/wp\/v2\/types\/post"}],"author":[{"embeddable":true,"href":"https:\/\/www.abchukuk.com\/index.php\/wp-json\/wp\/v2\/users\/1"}],"replies":[{"embeddable":true,"href":"https:\/\/www.abchukuk.com\/index.php\/wp-json\/wp\/v2\/comments?post=9851"}],"version-history":[{"count":0,"href":"https:\/\/www.abchukuk.com\/index.php\/wp-json\/wp\/v2\/posts\/9851\/revisions"}],"wp:featuredmedia":[{"embeddable":true,"href":"https:\/\/www.abchukuk.com\/index.php\/wp-json\/wp\/v2\/media\/9852"}],"wp:attachment":[{"href":"https:\/\/www.abchukuk.com\/index.php\/wp-json\/wp\/v2\/media?parent=9851"}],"wp:term":[{"taxonomy":"category","embeddable":true,"href":"https:\/\/www.abchukuk.com\/index.php\/wp-json\/wp\/v2\/categories?post=9851"},{"taxonomy":"post_tag","embeddable":true,"href":"https:\/\/www.abchukuk.com\/index.php\/wp-json\/wp\/v2\/tags?post=9851"}],"curies":[{"name":"wp","href":"https:\/\/api.w.org\/{rel}","templated":true}]}}