{"id":9849,"date":"2025-10-31T13:25:00","date_gmt":"2025-10-31T13:25:00","guid":{"rendered":"https:\/\/www.abchukuk.com\/index.php\/2025\/10\/31\/adalet-bakani-yilmaz-tunc-komisyon-cok-onemli-kararlar-alacak\/"},"modified":"2025-10-31T13:25:00","modified_gmt":"2025-10-31T13:25:00","slug":"adalet-bakani-yilmaz-tunc-komisyon-cok-onemli-kararlar-alacak","status":"publish","type":"post","link":"https:\/\/www.abchukuk.com\/index.php\/2025\/10\/31\/adalet-bakani-yilmaz-tunc-komisyon-cok-onemli-kararlar-alacak\/","title":{"rendered":"Adalet Bakan\u0131 Y\u0131lmaz Tun\u00e7: &#8216;Komisyon \u00c7ok \u00d6nemli Kararlar Alacak&#8217;"},"content":{"rendered":"<p><a href=\"https:\/\/www.gercekgundem.com\/guncel\/adalet-bakani-yilmaz-tunc-komisyon-cok-onemli-kararlar-alacak-561246\"><br \/>\n                                                            <img decoding=\"async\" src=\"https:\/\/i.gercekgundem.com\/2\/150\/84\/storage\/files\/images\/2025\/10\/31\/adalet-bakani-yilmaz-tunc-komisyon-cok-onemli-kararlar-alacak-wei8.jpg\" width=\"150\" height=\"84\" border=\"0\" align=\"right\" \/><br \/>\n                                                    <\/a><\/p>\n<h4>Adalet Bakan\u0131 Y\u0131lmaz Tun\u00e7, \u201cTer\u00f6r\u00fcn tamamen sonland\u0131r\u0131lmas\u0131 i\u00e7in \u00e7al\u0131\u015fmalar yo\u011funla\u015ft\u0131. \u0130mral\u0131\u2019dan \u00f6rg\u00fct\u00fcn feshiyle ilgili a\u00e7\u0131klamalar geldi, \u00f6nemli bir a\u015famaya ge\u00e7ildi. TBMM\u2019de Komisyon\u2019a sunum yapt\u0131k, bu komisyon \u00e7ok \u00f6nemli kararlar alacak\u201d dedi.<\/h4>\n<p>Adalet Bakan\u0131 Y\u0131lmaz Tun\u00e7, \u201cTer\u00f6r\u00fcn tamamen sonland\u0131r\u0131lmas\u0131 i\u00e7in \u00e7al\u0131\u015fmalar yo\u011funla\u015ft\u0131. \u0130mral\u0131\u2019dan \u00f6rg\u00fct\u00fcn feshiyle ilgili a\u00e7\u0131klamalar geldi, \u00f6nemli bir a\u015famaya ge\u00e7ildi. TBMM\u2019de Komisyon\u2019a sunum yapt\u0131k, bu komisyon \u00e7ok \u00f6nemli kararlar alacak\u201d dedi.\u00a0<a href=\"https:\/\/www.gercekgundem.com\/guncel\/adalet-bakani-yilmaz-tunc-komisyon-cok-onemli-kararlar-alacak-561246\" target=\"_blank\" class=\"feedzy-rss-link-icon\">Read More<\/a><\/p>","protected":false},"excerpt":{"rendered":"<p>Adalet Bakan\u0131 Y\u0131lmaz Tun\u00e7, \u201cTer\u00f6r\u00fcn tamamen sonland\u0131r\u0131lmas\u0131 i\u00e7in \u00e7al\u0131\u015fmalar yo\u011funla\u015ft\u0131. \u0130mral\u0131\u2019dan \u00f6rg\u00fct\u00fcn feshiyle ilgili a\u00e7\u0131klamalar geldi, \u00f6nemli bir a\u015famaya ge\u00e7ildi. TBMM\u2019de Komisyon\u2019a sunum yapt\u0131k, bu komisyon \u00e7ok \u00f6nemli kararlar alacak\u201d dedi. Adalet Bakan\u0131 Y\u0131lmaz Tun\u00e7, \u201cTer\u00f6r\u00fcn tamamen sonland\u0131r\u0131lmas\u0131 i\u00e7in \u00e7al\u0131\u015fmalar yo\u011funla\u015ft\u0131. \u0130mral\u0131\u2019dan \u00f6rg\u00fct\u00fcn feshiyle ilgili a\u00e7\u0131klamalar geldi, \u00f6nemli bir a\u015famaya ge\u00e7ildi. TBMM\u2019de Komisyon\u2019a sunum yapt\u0131k, [&hellip;]<\/p>\n","protected":false},"author":1,"featured_media":9850,"comment_status":"open","ping_status":"open","sticky":false,"template":"","format":"standard","meta":{"footnotes":"","_links_to":"","_links_to_target":""},"categories":[1],"tags":[],"class_list":["post-9849","post","type-post","status-publish","format-standard","has-post-thumbnail","hentry","category-haberler"],"_links":{"self":[{"href":"https:\/\/www.abchukuk.com\/index.php\/wp-json\/wp\/v2\/posts\/9849","targetHints":{"allow":["GET"]}}],"collection":[{"href":"https:\/\/www.abchukuk.com\/index.php\/wp-json\/wp\/v2\/posts"}],"about":[{"href":"https:\/\/www.abchukuk.com\/index.php\/wp-json\/wp\/v2\/types\/post"}],"author":[{"embeddable":true,"href":"https:\/\/www.abchukuk.com\/index.php\/wp-json\/wp\/v2\/users\/1"}],"replies":[{"embeddable":true,"href":"https:\/\/www.abchukuk.com\/index.php\/wp-json\/wp\/v2\/comments?post=9849"}],"version-history":[{"count":0,"href":"https:\/\/www.abchukuk.com\/index.php\/wp-json\/wp\/v2\/posts\/9849\/revisions"}],"wp:featuredmedia":[{"embeddable":true,"href":"https:\/\/www.abchukuk.com\/index.php\/wp-json\/wp\/v2\/media\/9850"}],"wp:attachment":[{"href":"https:\/\/www.abchukuk.com\/index.php\/wp-json\/wp\/v2\/media?parent=9849"}],"wp:term":[{"taxonomy":"category","embeddable":true,"href":"https:\/\/www.abchukuk.com\/index.php\/wp-json\/wp\/v2\/categories?post=9849"},{"taxonomy":"post_tag","embeddable":true,"href":"https:\/\/www.abchukuk.com\/index.php\/wp-json\/wp\/v2\/tags?post=9849"}],"curies":[{"name":"wp","href":"https:\/\/api.w.org\/{rel}","templated":true}]}}