{"id":9847,"date":"2025-10-31T13:38:00","date_gmt":"2025-10-31T13:38:00","guid":{"rendered":"https:\/\/www.abchukuk.com\/index.php\/2025\/10\/31\/2-aylik-esini-olduren-sanik-tahliyesine-yapilan-itirazla-yeniden-gozaltina-alindi\/"},"modified":"2025-10-31T13:38:00","modified_gmt":"2025-10-31T13:38:00","slug":"2-aylik-esini-olduren-sanik-tahliyesine-yapilan-itirazla-yeniden-gozaltina-alindi","status":"publish","type":"post","link":"https:\/\/www.abchukuk.com\/index.php\/2025\/10\/31\/2-aylik-esini-olduren-sanik-tahliyesine-yapilan-itirazla-yeniden-gozaltina-alindi\/","title":{"rendered":"2 ayl\u0131k e\u015fini \u00f6ld\u00fcren san\u0131k, tahliyesine yap\u0131lan itirazla yeniden g\u00f6zalt\u0131na al\u0131nd\u0131"},"content":{"rendered":"<p>Ayd\u0131n\u2019\u0131n Ko\u00e7arl\u0131 il\u00e7esinde e\u015fi Necla Aydo\u011fdu\u2019yu \u00f6ld\u00fcren Mustafa Aydo\u011fdu, Adli T\u0131p raporuyla ak\u0131l sa\u011fl\u0131\u011f\u0131n\u0131n yerinde olmad\u0131\u011f\u0131 gerek\u00e7esiyle 7 ay 15 g\u00fcn tedavi g\u00f6rd\u00fckten sonra tahliye edilmi\u015fti. Ailesinin itiraz\u0131 \u00fczerine tahliye karar\u0131 kald\u0131r\u0131lan Aydo\u011fdu, yeniden g\u00f6zalt\u0131na al\u0131nd\u0131 ve hastaneye yat\u0131r\u0131lacak.Ayd\u0131n\u2019\u0131n Ko\u00e7arl\u0131 il\u00e7esinde e\u015fi Necla Aydo\u011fdu\u2019yu \u00f6ld\u00fcren Mustafa Aydo\u011fdu, Adli T\u0131p raporuyla ak\u0131l sa\u011fl\u0131\u011f\u0131n\u0131n yerinde olmad\u0131\u011f\u0131 gerek\u00e7esiyle 7 ay 15 g\u00fcn tedavi g\u00f6rd\u00fckten sonra tahliye edilmi\u015fti. Ailesinin itiraz\u0131 \u00fczerine tahliye karar\u0131 kald\u0131r\u0131lan Aydo\u011fdu, yeniden g\u00f6zalt\u0131na al\u0131nd\u0131 ve hastaneye yat\u0131r\u0131lacak.\u00a0<a href=\"https:\/\/www.cumhuriyet.com.tr\/turkiye\/2-aylik-esini-olduren-sanik-tahliyesine-yapilan-itirazla-yeniden-gozaltina-alindi-2448621\" target=\"_blank\" class=\"feedzy-rss-link-icon\">Read More<\/a><\/p>","protected":false},"excerpt":{"rendered":"<p>Ayd\u0131n\u2019\u0131n Ko\u00e7arl\u0131 il\u00e7esinde e\u015fi Necla Aydo\u011fdu\u2019yu \u00f6ld\u00fcren Mustafa Aydo\u011fdu, Adli T\u0131p raporuyla ak\u0131l sa\u011fl\u0131\u011f\u0131n\u0131n yerinde olmad\u0131\u011f\u0131 gerek\u00e7esiyle 7 ay 15 g\u00fcn tedavi g\u00f6rd\u00fckten sonra tahliye edilmi\u015fti. Ailesinin itiraz\u0131 \u00fczerine tahliye karar\u0131 kald\u0131r\u0131lan Aydo\u011fdu, yeniden g\u00f6zalt\u0131na al\u0131nd\u0131 ve hastaneye yat\u0131r\u0131lacak.Ayd\u0131n\u2019\u0131n Ko\u00e7arl\u0131 il\u00e7esinde e\u015fi Necla Aydo\u011fdu\u2019yu \u00f6ld\u00fcren Mustafa Aydo\u011fdu, Adli T\u0131p raporuyla ak\u0131l sa\u011fl\u0131\u011f\u0131n\u0131n yerinde olmad\u0131\u011f\u0131 gerek\u00e7esiyle [&hellip;]<\/p>\n","protected":false},"author":1,"featured_media":9848,"comment_status":"open","ping_status":"open","sticky":false,"template":"","format":"standard","meta":{"footnotes":"","_links_to":"","_links_to_target":""},"categories":[1],"tags":[],"class_list":["post-9847","post","type-post","status-publish","format-standard","has-post-thumbnail","hentry","category-haberler"],"_links":{"self":[{"href":"https:\/\/www.abchukuk.com\/index.php\/wp-json\/wp\/v2\/posts\/9847","targetHints":{"allow":["GET"]}}],"collection":[{"href":"https:\/\/www.abchukuk.com\/index.php\/wp-json\/wp\/v2\/posts"}],"about":[{"href":"https:\/\/www.abchukuk.com\/index.php\/wp-json\/wp\/v2\/types\/post"}],"author":[{"embeddable":true,"href":"https:\/\/www.abchukuk.com\/index.php\/wp-json\/wp\/v2\/users\/1"}],"replies":[{"embeddable":true,"href":"https:\/\/www.abchukuk.com\/index.php\/wp-json\/wp\/v2\/comments?post=9847"}],"version-history":[{"count":0,"href":"https:\/\/www.abchukuk.com\/index.php\/wp-json\/wp\/v2\/posts\/9847\/revisions"}],"wp:featuredmedia":[{"embeddable":true,"href":"https:\/\/www.abchukuk.com\/index.php\/wp-json\/wp\/v2\/media\/9848"}],"wp:attachment":[{"href":"https:\/\/www.abchukuk.com\/index.php\/wp-json\/wp\/v2\/media?parent=9847"}],"wp:term":[{"taxonomy":"category","embeddable":true,"href":"https:\/\/www.abchukuk.com\/index.php\/wp-json\/wp\/v2\/categories?post=9847"},{"taxonomy":"post_tag","embeddable":true,"href":"https:\/\/www.abchukuk.com\/index.php\/wp-json\/wp\/v2\/tags?post=9847"}],"curies":[{"name":"wp","href":"https:\/\/api.w.org\/{rel}","templated":true}]}}