{"id":9845,"date":"2025-10-31T13:53:27","date_gmt":"2025-10-31T13:53:27","guid":{"rendered":"https:\/\/www.abchukuk.com\/index.php\/2025\/10\/31\/78-adliyeden-388-mustakil-adliyeye\/"},"modified":"2025-10-31T13:53:27","modified_gmt":"2025-10-31T13:53:27","slug":"78-adliyeden-388-mustakil-adliyeye","status":"publish","type":"post","link":"https:\/\/www.abchukuk.com\/index.php\/2025\/10\/31\/78-adliyeden-388-mustakil-adliyeye\/","title":{"rendered":"78 Adliyeden 388 m\u00fcstakil adliyeye"},"content":{"rendered":"<p>Adalet Bakan\u0131 Tun\u00e7, \u0130zmir\u2019in Kemalpa\u015fa il\u00e7esinde Kemalpa\u015fa Adalet Saray\u0131 a\u00e7\u0131l\u0131\u015f\u0131 ve Alia\u011fa Adalet Saray\u0131\u2019n\u0131n temel atma t\u00f6reninde konu\u015ftu.<\/p>\n<p><img fetchpriority=\"high\" decoding=\"async\" class=\"alignnone size-large wp-image-164395\" src=\"https:\/\/www.son.tv\/wp-content\/uploads\/2025\/10\/WhatsApp-Image-2025-10-31-at-16.49.41-768x1024.jpeg\" alt=\"\" width=\"768\" height=\"1024\" \/><\/p>\n<p>\u201cADALET M\u00dcLK\u00dcN TEMEL\u0130D\u0130R\u201d<\/p>\n<p>Adaletin m\u00fclk\u00fcn temeli oldu\u011funu dile getiren Tun\u00e7, \u201cAdaletten ayr\u0131lmad\u0131\u011f\u0131m\u0131z m\u00fcddet\u00e7e bu millet bizim yolumuzu a\u00e7ar ki 23 y\u0131ldan bu yana da hep bunu yapt\u0131. E\u011fer adaletten ayr\u0131lsayd\u0131k, milletin isteklerini, taleplerini yerine getirmeseydik T\u00fcrkiye Cumhuriyeti siyaset tarihinin en uzun s\u00fcren iktidar\u0131 ya\u015fanamazd\u0131.\u201d dedi.<\/p>\n<p><img decoding=\"async\" class=\"alignnone size-large wp-image-164396\" src=\"https:\/\/www.son.tv\/wp-content\/uploads\/2025\/10\/WhatsApp-Image-2025-10-31-at-16.49.40-1-768x1024.jpeg\" alt=\"\" width=\"768\" height=\"1024\" \/><\/p>\n<p>\u201c78 ADL\u0130YEDEN 388 M\u00dcSTAK\u0130L ADL\u0130YEYE\u201d<\/p>\n<p>\u0130htiyaca cevap veren mevzuat\u0131n yenilenmesiyle ilgili \u00e7al\u0131\u015fmalara devam ettiklerine i\u015faret eden Tun\u00e7, \u201cYeni ihtiya\u00e7lar, ceza adaleti alan\u0131nda uygulamaya konulmas\u0131 gereken yeni mevzuatlar, bili\u015fim su\u00e7lar\u0131n\u0131n \u00e7e\u015fitlenmesi, teknolojinin artmas\u0131, farkl\u0131 su\u00e7 tiplerinin ortaya \u00e7\u0131kmas\u0131, \u00f6zel hukukta ticaretin \u00e7e\u015fitlenmesi ve bu anlamda ihtisas mahkemelerinin say\u0131s\u0131n\u0131n \u00e7o\u011falt\u0131lmas\u0131 bak\u0131m\u0131ndan \u00f6zellikle mevzuat\u0131m\u0131z\u0131 da s\u00fcrekli g\u00f6zden ge\u00e7irerek Yarg\u0131 Reformu Strateji Belgesi kapsam\u0131nda planl\u0131 bir \u015fekilde bu \u00e7al\u0131\u015fmalar\u0131m\u0131z\u0131 s\u00fcrd\u00fcr\u00fcyoruz. T\u00fcrkiye genelinde sadece 78 adliye saray\u0131 vard\u0131 \u015fu anda 388 m\u00fcstakil adalet binam\u0131z var. Yat\u0131r\u0131m program\u0131m\u0131zda 68 adliye binam\u0131z var, 31\u2019i in\u015faat a\u015famas\u0131nda\u201d dedi.<\/p>\n<p><img decoding=\"async\" class=\"alignnone size-large wp-image-164397\" src=\"https:\/\/www.son.tv\/wp-content\/uploads\/2025\/10\/WhatsApp-Image-2025-10-31-at-16.49.39-1024x768.jpeg\" alt=\"\" width=\"1024\" height=\"768\" \/><\/p>\n<p>7 \u0130L\u00c7EYE ADALET B\u0130NASI M\u00dcJDES\u0130<\/p>\n<p>\u0130zmir\u2019de yeni yap\u0131lacak adalet binas\u0131 i\u00e7in yerin haz\u0131r oldu\u011funu belirten Tun\u00e7, Bergama, \u00c7e\u015fme, Kar\u015f\u0131yaka, K\u0131n\u0131k, Kiraz, Menderes ve Sel\u00e7uk il\u00e7elerinde adalet binalar\u0131na ihtiya\u00e7 oldu\u011funu, bunlar\u0131 gelecek y\u0131l\u0131n yat\u0131r\u0131m program\u0131na dahil ettiklerini bildirdi.<\/p>\n<p><img loading=\"lazy\" decoding=\"async\" loading=\"lazy\" class=\"alignnone size-large wp-image-164398\" src=\"https:\/\/www.son.tv\/wp-content\/uploads\/2025\/10\/WhatsApp-Image-2025-10-31-at-16.49.38-768x1024.jpeg\" alt=\"\" width=\"768\" height=\"1024\" \/><\/p>\n<p>\u201cTER\u00d6R BELASINDAN KURTULMANIN E\u015e\u0130\u011e\u0130NDEY\u0130Z\u201d<\/p>\n<p>T\u00fcrkiye Y\u00fczy\u0131l\u0131\u2019nda adalet ve kalk\u0131nmaya dair b\u00fcy\u00fck yat\u0131r\u0131mlar\u0131n devam edece\u011fini vurgulayan Bakan Tun\u00e7, \u201c\u00c7ocuklar\u0131m\u0131za, gen\u00e7lerimize, gelece\u011fimize ter\u00f6rs\u00fcz bir T\u00fcrkiye in\u015fallah arma\u011fan edece\u011fiz. 41 y\u0131ldan bu yana m\u00fccadele etti\u011fimiz ter\u00f6r belas\u0131ndan kurtulman\u0131n e\u015fi\u011findeyiz. 41 y\u0131lda \u00e7ok b\u00fcy\u00fck ac\u0131lar \u00e7ektik, b\u00fcy\u00fck kay\u0131plar\u0131m\u0131z, trilyonlarca ekonomik kayb\u0131m\u0131z oldu. Ter\u00f6r ve bu fitne olmasayd\u0131 bug\u00fcn o trilyonlarca ekonomik de\u011fer milletimize yans\u0131yacakt\u0131. Milletimizin refah\u0131 bug\u00fcn \u00e7ok daha y\u00fckseklerde olacakt\u0131. Ama maalesef ter\u00f6r\u00fcn hem ekonomik zarar\u0131 hem de as\u0131l \u00f6nemli olan bize b\u00fcy\u00fck ac\u0131lar \u00e7ektirdi, binlerce \u015fehit vermemize neden oldu. \u0130n\u015fallah bundan sonra bu ac\u0131lar\u0131 ya\u015famayal\u0131m ve birlik ile beraberlik i\u00e7erisinde i\u00e7 cephemizi g\u00fc\u00e7lendirerek etnik k\u00f6keni ne olursa olsun karde\u015f\u00e7e T\u00fcrkiye Y\u00fczy\u0131l\u0131\u2019n\u0131 hep beraber in\u015fa edelim. Bunu yaparsak, g\u00fc\u00e7l\u00fc olursak T\u00fcrkiye\u2019ye hi\u00e7 kimse kem g\u00f6zle bakamaz ve T\u00fcrkiye \u00fczerinde \u015fer planlar\u0131n\u0131 hi\u00e7 kimse uygulamaya cesaret edemez. \u0130n\u015fallah T\u00fcrkiye ter\u00f6rden ar\u0131nd\u0131\u011f\u0131nda, ter\u00f6rs\u00fcz bir T\u00fcrkiye\u2019ye kavu\u015fuldu\u011funda T\u00fcrkiye\u2019nin geli\u015fmesi ve kalk\u0131nmas\u0131 daha da h\u0131zlanacak\u201d dedi.<\/p>\n<p>\u00a0<\/p>\n<p>Adalet Bakan\u0131 Y\u0131lmaz Tun\u00e7, &#8220;T\u00fcrkiye genelinde sadece 78 adliye saray\u0131 vard\u0131 \u015fu anda 388 m\u00fcstakil adalet binam\u0131z var. Yat\u0131r\u0131m program\u0131m\u0131zda 68 adliye binam\u0131z var, 31&#8217;i in\u015faat a\u015famas\u0131nda.&#8221; dedi.\u00a0<a href=\"https:\/\/www.son.tv\/78-adliyeden-388-mustakil-adliyeye\/\" target=\"_blank\" class=\"feedzy-rss-link-icon\">Read More<\/a><\/p>","protected":false},"excerpt":{"rendered":"<p>Adalet Bakan\u0131 Tun\u00e7, \u0130zmir\u2019in Kemalpa\u015fa il\u00e7esinde Kemalpa\u015fa Adalet Saray\u0131 a\u00e7\u0131l\u0131\u015f\u0131 ve Alia\u011fa Adalet Saray\u0131\u2019n\u0131n temel atma t\u00f6reninde konu\u015ftu. \u201cADALET M\u00dcLK\u00dcN TEMEL\u0130D\u0130R\u201d Adaletin m\u00fclk\u00fcn temeli oldu\u011funu dile getiren Tun\u00e7, \u201cAdaletten ayr\u0131lmad\u0131\u011f\u0131m\u0131z m\u00fcddet\u00e7e bu millet bizim yolumuzu a\u00e7ar ki 23 y\u0131ldan bu yana da hep bunu yapt\u0131. E\u011fer adaletten ayr\u0131lsayd\u0131k, milletin isteklerini, taleplerini yerine getirmeseydik T\u00fcrkiye Cumhuriyeti [&hellip;]<\/p>\n","protected":false},"author":1,"featured_media":9846,"comment_status":"open","ping_status":"open","sticky":false,"template":"","format":"standard","meta":{"footnotes":"","_links_to":"","_links_to_target":""},"categories":[1],"tags":[],"class_list":["post-9845","post","type-post","status-publish","format-standard","has-post-thumbnail","hentry","category-haberler"],"_links":{"self":[{"href":"https:\/\/www.abchukuk.com\/index.php\/wp-json\/wp\/v2\/posts\/9845","targetHints":{"allow":["GET"]}}],"collection":[{"href":"https:\/\/www.abchukuk.com\/index.php\/wp-json\/wp\/v2\/posts"}],"about":[{"href":"https:\/\/www.abchukuk.com\/index.php\/wp-json\/wp\/v2\/types\/post"}],"author":[{"embeddable":true,"href":"https:\/\/www.abchukuk.com\/index.php\/wp-json\/wp\/v2\/users\/1"}],"replies":[{"embeddable":true,"href":"https:\/\/www.abchukuk.com\/index.php\/wp-json\/wp\/v2\/comments?post=9845"}],"version-history":[{"count":0,"href":"https:\/\/www.abchukuk.com\/index.php\/wp-json\/wp\/v2\/posts\/9845\/revisions"}],"wp:featuredmedia":[{"embeddable":true,"href":"https:\/\/www.abchukuk.com\/index.php\/wp-json\/wp\/v2\/media\/9846"}],"wp:attachment":[{"href":"https:\/\/www.abchukuk.com\/index.php\/wp-json\/wp\/v2\/media?parent=9845"}],"wp:term":[{"taxonomy":"category","embeddable":true,"href":"https:\/\/www.abchukuk.com\/index.php\/wp-json\/wp\/v2\/categories?post=9845"},{"taxonomy":"post_tag","embeddable":true,"href":"https:\/\/www.abchukuk.com\/index.php\/wp-json\/wp\/v2\/tags?post=9845"}],"curies":[{"name":"wp","href":"https:\/\/api.w.org\/{rel}","templated":true}]}}