{"id":9839,"date":"2025-10-31T12:34:00","date_gmt":"2025-10-31T12:34:00","guid":{"rendered":"https:\/\/www.abchukuk.com\/index.php\/2025\/10\/31\/deniz-ugur-ile-reha-muhtarin-velayet-davasinda-karar-cikti\/"},"modified":"2025-10-31T12:34:00","modified_gmt":"2025-10-31T12:34:00","slug":"deniz-ugur-ile-reha-muhtarin-velayet-davasinda-karar-cikti","status":"publish","type":"post","link":"https:\/\/www.abchukuk.com\/index.php\/2025\/10\/31\/deniz-ugur-ile-reha-muhtarin-velayet-davasinda-karar-cikti\/","title":{"rendered":"Deniz U\u011fur ile Reha Muhtar&#8217;\u0131n velayet davas\u0131nda karar \u00e7\u0131kt\u0131!"},"content":{"rendered":"<p>Oyuncu Deniz U\u011fur, ikiz \u00e7ocuklar\u0131n\u0131n velayetini almak i\u00e7in gazeteci Reha Muhtar\u2019a a\u00e7t\u0131\u011f\u0131 davay\u0131 kazand\u0131. Mahkeme, ikiz \u00e7ocuklar P.D.M. ve M.D.M.\u2019nin velayetlerinin babalar\u0131 Reha Muhtar\u2019dan al\u0131narak anneleri Deniz U\u011fur\u2019a verilmesine h\u00fckmetti.Oyuncu Deniz U\u011fur, ikiz \u00e7ocuklar\u0131n\u0131n velayetini almak i\u00e7in gazeteci Reha Muhtar\u2019a a\u00e7t\u0131\u011f\u0131 davay\u0131 kazand\u0131. Mahkeme, ikiz \u00e7ocuklar P.D.M. ve M.D.M.\u2019nin velayetlerinin babalar\u0131 Reha Muhtar\u2019dan al\u0131narak anneleri Deniz U\u011fur\u2019a verilmesine h\u00fckmetti.\u00a0<a href=\"https:\/\/www.cumhuriyet.com.tr\/turkiye\/deniz-ugur-ile-reha-muhtar-in-velayet-davasinda-karar-cikti-2448593\" target=\"_blank\" class=\"feedzy-rss-link-icon\">Read More<\/a><\/p>","protected":false},"excerpt":{"rendered":"<p>Oyuncu Deniz U\u011fur, ikiz \u00e7ocuklar\u0131n\u0131n velayetini almak i\u00e7in gazeteci Reha Muhtar\u2019a a\u00e7t\u0131\u011f\u0131 davay\u0131 kazand\u0131. Mahkeme, ikiz \u00e7ocuklar P.D.M. ve M.D.M.\u2019nin velayetlerinin babalar\u0131 Reha Muhtar\u2019dan al\u0131narak anneleri Deniz U\u011fur\u2019a verilmesine h\u00fckmetti.Oyuncu Deniz U\u011fur, ikiz \u00e7ocuklar\u0131n\u0131n velayetini almak i\u00e7in gazeteci Reha Muhtar\u2019a a\u00e7t\u0131\u011f\u0131 davay\u0131 kazand\u0131. Mahkeme, ikiz \u00e7ocuklar P.D.M. ve M.D.M.\u2019nin velayetlerinin babalar\u0131 Reha Muhtar\u2019dan al\u0131narak anneleri [&hellip;]<\/p>\n","protected":false},"author":1,"featured_media":9840,"comment_status":"open","ping_status":"open","sticky":false,"template":"","format":"standard","meta":{"footnotes":"","_links_to":"","_links_to_target":""},"categories":[1],"tags":[],"class_list":["post-9839","post","type-post","status-publish","format-standard","has-post-thumbnail","hentry","category-haberler"],"_links":{"self":[{"href":"https:\/\/www.abchukuk.com\/index.php\/wp-json\/wp\/v2\/posts\/9839","targetHints":{"allow":["GET"]}}],"collection":[{"href":"https:\/\/www.abchukuk.com\/index.php\/wp-json\/wp\/v2\/posts"}],"about":[{"href":"https:\/\/www.abchukuk.com\/index.php\/wp-json\/wp\/v2\/types\/post"}],"author":[{"embeddable":true,"href":"https:\/\/www.abchukuk.com\/index.php\/wp-json\/wp\/v2\/users\/1"}],"replies":[{"embeddable":true,"href":"https:\/\/www.abchukuk.com\/index.php\/wp-json\/wp\/v2\/comments?post=9839"}],"version-history":[{"count":0,"href":"https:\/\/www.abchukuk.com\/index.php\/wp-json\/wp\/v2\/posts\/9839\/revisions"}],"wp:featuredmedia":[{"embeddable":true,"href":"https:\/\/www.abchukuk.com\/index.php\/wp-json\/wp\/v2\/media\/9840"}],"wp:attachment":[{"href":"https:\/\/www.abchukuk.com\/index.php\/wp-json\/wp\/v2\/media?parent=9839"}],"wp:term":[{"taxonomy":"category","embeddable":true,"href":"https:\/\/www.abchukuk.com\/index.php\/wp-json\/wp\/v2\/categories?post=9839"},{"taxonomy":"post_tag","embeddable":true,"href":"https:\/\/www.abchukuk.com\/index.php\/wp-json\/wp\/v2\/tags?post=9839"}],"curies":[{"name":"wp","href":"https:\/\/api.w.org\/{rel}","templated":true}]}}