{"id":9837,"date":"2025-10-31T12:50:00","date_gmt":"2025-10-31T12:50:00","guid":{"rendered":"https:\/\/www.abchukuk.com\/index.php\/2025\/10\/31\/ankara-buyuksehir-belediyesine-konser-davasinda-durusma-tarihi-belli-oldu\/"},"modified":"2025-10-31T12:50:00","modified_gmt":"2025-10-31T12:50:00","slug":"ankara-buyuksehir-belediyesine-konser-davasinda-durusma-tarihi-belli-oldu","status":"publish","type":"post","link":"https:\/\/www.abchukuk.com\/index.php\/2025\/10\/31\/ankara-buyuksehir-belediyesine-konser-davasinda-durusma-tarihi-belli-oldu\/","title":{"rendered":"Ankara B\u00fcy\u00fck\u015fehir Belediyesi&#8217;ne &#8216;konser&#8217; davas\u0131nda duru\u015fma tarihi belli oldu"},"content":{"rendered":"<p>ABB&#8217;deki konser harcamalar\u0131 davas\u0131n\u0131n g\u00f6r\u00fclmesine 6 Ocak&#8217;ta ba\u015flanacak. Ankara 34. A\u011f\u0131r Ceza Mahkemesi, 5&#8217;i tutuklu 14 ki\u015fi hakk\u0131nda &#8220;nitelikli zimmet&#8221; su\u00e7undan 7 y\u0131l 6 aydan 31 y\u0131l 6 aya kadar hapis istemiyle haz\u0131rlanan iddianameyi 21 Ekim&#8217;de kabul etmi\u015fti.ABB&#8217;deki konser harcamalar\u0131 davas\u0131n\u0131n g\u00f6r\u00fclmesine 6 Ocak&#8217;ta ba\u015flanacak. Ankara 34. A\u011f\u0131r Ceza Mahkemesi, 5&#8217;i tutuklu 14 ki\u015fi hakk\u0131nda &#8220;nitelikli zimmet&#8221; su\u00e7undan 7 y\u0131l 6 aydan 31 y\u0131l 6 aya kadar hapis istemiyle haz\u0131rlanan iddianameyi 21 Ekim&#8217;de kabul etmi\u015fti.\u00a0<a href=\"https:\/\/www.cumhuriyet.com.tr\/siyaset\/ankara-buyuksehir-belediyesi-ne-konser-davasinda-durusma-tarihi-belli-oldu-2448599\" target=\"_blank\" class=\"feedzy-rss-link-icon\">Read More<\/a><\/p>","protected":false},"excerpt":{"rendered":"<p>ABB&#8217;deki konser harcamalar\u0131 davas\u0131n\u0131n g\u00f6r\u00fclmesine 6 Ocak&#8217;ta ba\u015flanacak. Ankara 34. A\u011f\u0131r Ceza Mahkemesi, 5&#8217;i tutuklu 14 ki\u015fi hakk\u0131nda &#8220;nitelikli zimmet&#8221; su\u00e7undan 7 y\u0131l 6 aydan 31 y\u0131l 6 aya kadar hapis istemiyle haz\u0131rlanan iddianameyi 21 Ekim&#8217;de kabul etmi\u015fti.ABB&#8217;deki konser harcamalar\u0131 davas\u0131n\u0131n g\u00f6r\u00fclmesine 6 Ocak&#8217;ta ba\u015flanacak. Ankara 34. A\u011f\u0131r Ceza Mahkemesi, 5&#8217;i tutuklu 14 ki\u015fi hakk\u0131nda [&hellip;]<\/p>\n","protected":false},"author":1,"featured_media":9838,"comment_status":"open","ping_status":"open","sticky":false,"template":"","format":"standard","meta":{"footnotes":"","_links_to":"","_links_to_target":""},"categories":[1],"tags":[],"class_list":["post-9837","post","type-post","status-publish","format-standard","has-post-thumbnail","hentry","category-haberler"],"_links":{"self":[{"href":"https:\/\/www.abchukuk.com\/index.php\/wp-json\/wp\/v2\/posts\/9837","targetHints":{"allow":["GET"]}}],"collection":[{"href":"https:\/\/www.abchukuk.com\/index.php\/wp-json\/wp\/v2\/posts"}],"about":[{"href":"https:\/\/www.abchukuk.com\/index.php\/wp-json\/wp\/v2\/types\/post"}],"author":[{"embeddable":true,"href":"https:\/\/www.abchukuk.com\/index.php\/wp-json\/wp\/v2\/users\/1"}],"replies":[{"embeddable":true,"href":"https:\/\/www.abchukuk.com\/index.php\/wp-json\/wp\/v2\/comments?post=9837"}],"version-history":[{"count":0,"href":"https:\/\/www.abchukuk.com\/index.php\/wp-json\/wp\/v2\/posts\/9837\/revisions"}],"wp:featuredmedia":[{"embeddable":true,"href":"https:\/\/www.abchukuk.com\/index.php\/wp-json\/wp\/v2\/media\/9838"}],"wp:attachment":[{"href":"https:\/\/www.abchukuk.com\/index.php\/wp-json\/wp\/v2\/media?parent=9837"}],"wp:term":[{"taxonomy":"category","embeddable":true,"href":"https:\/\/www.abchukuk.com\/index.php\/wp-json\/wp\/v2\/categories?post=9837"},{"taxonomy":"post_tag","embeddable":true,"href":"https:\/\/www.abchukuk.com\/index.php\/wp-json\/wp\/v2\/tags?post=9837"}],"curies":[{"name":"wp","href":"https:\/\/api.w.org\/{rel}","templated":true}]}}