{"id":9833,"date":"2025-10-31T10:54:00","date_gmt":"2025-10-31T10:54:00","guid":{"rendered":"https:\/\/www.abchukuk.com\/index.php\/2025\/10\/31\/ilk-derece-mahkemesi-yargitay-kararina-uydu-avukat-ozgur-urfa-cumhurbaskanina-hakaret-davasindan-beraat-etti\/"},"modified":"2025-10-31T10:54:00","modified_gmt":"2025-10-31T10:54:00","slug":"ilk-derece-mahkemesi-yargitay-kararina-uydu-avukat-ozgur-urfa-cumhurbaskanina-hakaret-davasindan-beraat-etti","status":"publish","type":"post","link":"https:\/\/www.abchukuk.com\/index.php\/2025\/10\/31\/ilk-derece-mahkemesi-yargitay-kararina-uydu-avukat-ozgur-urfa-cumhurbaskanina-hakaret-davasindan-beraat-etti\/","title":{"rendered":"\u0130lk derece mahkemesi Yarg\u0131tay karar\u0131na uydu: Avukat \u00d6zg\u00fcr Urfa &#8216;Cumhurba\u015fkan\u0131na hakaret&#8217; davas\u0131ndan beraat etti"},"content":{"rendered":"<p>Avukat \u00d6zg\u00fcr Urfa, 10 ay ceza ald\u0131\u011f\u0131 ancak Yarg\u0131tay taraf\u0131ndan beraat verilmesi y\u00f6n\u00fcnde bozulan \u201cCumhurba\u015fkan\u0131na hakaret\u201d davas\u0131n\u0131n ikinci duru\u015fmas\u0131nda beraat etti.Avukat \u00d6zg\u00fcr Urfa, 10 ay ceza ald\u0131\u011f\u0131 ancak Yarg\u0131tay taraf\u0131ndan beraat verilmesi y\u00f6n\u00fcnde bozulan \u201cCumhurba\u015fkan\u0131na hakaret\u201d davas\u0131n\u0131n ikinci duru\u015fmas\u0131nda beraat etti.\u00a0<a href=\"https:\/\/www.cumhuriyet.com.tr\/turkiye\/ilk-derece-mahkemesi-yargitay-kararina-uydu-avukat-ozgur-urfa-cumhurbaskanina-hakaret-davasindan-beraat-etti-2448569\" target=\"_blank\" class=\"feedzy-rss-link-icon\">Read More<\/a><\/p>","protected":false},"excerpt":{"rendered":"<p>Avukat \u00d6zg\u00fcr Urfa, 10 ay ceza ald\u0131\u011f\u0131 ancak Yarg\u0131tay taraf\u0131ndan beraat verilmesi y\u00f6n\u00fcnde bozulan \u201cCumhurba\u015fkan\u0131na hakaret\u201d davas\u0131n\u0131n ikinci duru\u015fmas\u0131nda beraat etti.Avukat \u00d6zg\u00fcr Urfa, 10 ay ceza ald\u0131\u011f\u0131 ancak Yarg\u0131tay taraf\u0131ndan beraat verilmesi y\u00f6n\u00fcnde bozulan \u201cCumhurba\u015fkan\u0131na hakaret\u201d davas\u0131n\u0131n ikinci duru\u015fmas\u0131nda beraat etti.\u00a0Read More<\/p>\n","protected":false},"author":1,"featured_media":9834,"comment_status":"open","ping_status":"open","sticky":false,"template":"","format":"standard","meta":{"footnotes":"","_links_to":"","_links_to_target":""},"categories":[1],"tags":[],"class_list":["post-9833","post","type-post","status-publish","format-standard","has-post-thumbnail","hentry","category-haberler"],"_links":{"self":[{"href":"https:\/\/www.abchukuk.com\/index.php\/wp-json\/wp\/v2\/posts\/9833","targetHints":{"allow":["GET"]}}],"collection":[{"href":"https:\/\/www.abchukuk.com\/index.php\/wp-json\/wp\/v2\/posts"}],"about":[{"href":"https:\/\/www.abchukuk.com\/index.php\/wp-json\/wp\/v2\/types\/post"}],"author":[{"embeddable":true,"href":"https:\/\/www.abchukuk.com\/index.php\/wp-json\/wp\/v2\/users\/1"}],"replies":[{"embeddable":true,"href":"https:\/\/www.abchukuk.com\/index.php\/wp-json\/wp\/v2\/comments?post=9833"}],"version-history":[{"count":0,"href":"https:\/\/www.abchukuk.com\/index.php\/wp-json\/wp\/v2\/posts\/9833\/revisions"}],"wp:featuredmedia":[{"embeddable":true,"href":"https:\/\/www.abchukuk.com\/index.php\/wp-json\/wp\/v2\/media\/9834"}],"wp:attachment":[{"href":"https:\/\/www.abchukuk.com\/index.php\/wp-json\/wp\/v2\/media?parent=9833"}],"wp:term":[{"taxonomy":"category","embeddable":true,"href":"https:\/\/www.abchukuk.com\/index.php\/wp-json\/wp\/v2\/categories?post=9833"},{"taxonomy":"post_tag","embeddable":true,"href":"https:\/\/www.abchukuk.com\/index.php\/wp-json\/wp\/v2\/tags?post=9833"}],"curies":[{"name":"wp","href":"https:\/\/api.w.org\/{rel}","templated":true}]}}