{"id":9830,"date":"2025-10-31T11:04:24","date_gmt":"2025-10-31T11:04:24","guid":{"rendered":"https:\/\/www.abchukuk.com\/index.php\/2025\/10\/31\/bm-abdnin-karayipler-ve-pasifik-okyanusundaki-teknelere-saldirilari-uluslararasi-hukuku-ihlal-ediyor\/"},"modified":"2025-10-31T11:04:24","modified_gmt":"2025-10-31T11:04:24","slug":"bm-abdnin-karayipler-ve-pasifik-okyanusundaki-teknelere-saldirilari-uluslararasi-hukuku-ihlal-ediyor","status":"publish","type":"post","link":"https:\/\/www.abchukuk.com\/index.php\/2025\/10\/31\/bm-abdnin-karayipler-ve-pasifik-okyanusundaki-teknelere-saldirilari-uluslararasi-hukuku-ihlal-ediyor\/","title":{"rendered":"BM: ABD&#8217;nin Karayipler ve Pasifik Okyanusu&#8217;ndaki teknelere sald\u0131r\u0131lar\u0131 uluslararas\u0131 hukuku ihlal ediyor"},"content":{"rendered":"<p>Birle\u015fmi\u015f Milletler (BM) \u0130nsan Haklar\u0131 Y\u00fcksek Komiseri Volker T\u00fcrk, ABD&#8217;nin Karayipler ve Pasifik Okyanusu&#8217;ndaki teknelere &#8220;uyu\u015fturucu ta\u015f\u0131d\u0131\u011f\u0131 iddias\u0131yla&#8221; d\u00fczenledi\u011fi sald\u0131r\u0131lar\u0131n uluslararas\u0131 hukuku ihlal etti\u011fini belirterek, bunlar\u0131n acilen soru\u015fturulmas\u0131 \u00e7a\u011fr\u0131s\u0131nda bulundu.Birle\u015fmi\u015f Milletler (BM) \u0130nsan Haklar\u0131 Y\u00fcksek Komiseri Volker T\u00fcrk, ABD&#8217;nin Karayipler ve Pasifik Okyanusu&#8217;ndaki teknelere &#8220;uyu\u015fturucu ta\u015f\u0131d\u0131\u011f\u0131 iddias\u0131yla&#8221; d\u00fczenledi\u011fi sald\u0131r\u0131lar\u0131n uluslararas\u0131 hukuku ihlal etti\u011fini belirterek, bunlar\u0131n acilen soru\u015fturulmas\u0131 \u00e7a\u011fr\u0131s\u0131nda bulundu.\u00a0<a href=\"https:\/\/anlatilaninotesi.com.tr\/20251031\/bm-abdnin-karayipler-ve-pasifik-okyanusundaki-teknelere-saldirilari-uluslararasi-hukuku-ihlal-1100644761.html\" target=\"_blank\" class=\"feedzy-rss-link-icon\">Read More<\/a><\/p>","protected":false},"excerpt":{"rendered":"<p>Birle\u015fmi\u015f Milletler (BM) \u0130nsan Haklar\u0131 Y\u00fcksek Komiseri Volker T\u00fcrk, ABD&#8217;nin Karayipler ve Pasifik Okyanusu&#8217;ndaki teknelere &#8220;uyu\u015fturucu ta\u015f\u0131d\u0131\u011f\u0131 iddias\u0131yla&#8221; d\u00fczenledi\u011fi sald\u0131r\u0131lar\u0131n uluslararas\u0131 hukuku ihlal etti\u011fini belirterek, bunlar\u0131n acilen soru\u015fturulmas\u0131 \u00e7a\u011fr\u0131s\u0131nda bulundu.Birle\u015fmi\u015f Milletler (BM) \u0130nsan Haklar\u0131 Y\u00fcksek Komiseri Volker T\u00fcrk, ABD&#8217;nin Karayipler ve Pasifik Okyanusu&#8217;ndaki teknelere &#8220;uyu\u015fturucu ta\u015f\u0131d\u0131\u011f\u0131 iddias\u0131yla&#8221; d\u00fczenledi\u011fi sald\u0131r\u0131lar\u0131n uluslararas\u0131 hukuku ihlal etti\u011fini belirterek, bunlar\u0131n [&hellip;]<\/p>\n","protected":false},"author":1,"featured_media":0,"comment_status":"open","ping_status":"open","sticky":false,"template":"","format":"standard","meta":{"footnotes":"","_links_to":"","_links_to_target":""},"categories":[1],"tags":[],"class_list":["post-9830","post","type-post","status-publish","format-standard","hentry","category-haberler"],"_links":{"self":[{"href":"https:\/\/www.abchukuk.com\/index.php\/wp-json\/wp\/v2\/posts\/9830","targetHints":{"allow":["GET"]}}],"collection":[{"href":"https:\/\/www.abchukuk.com\/index.php\/wp-json\/wp\/v2\/posts"}],"about":[{"href":"https:\/\/www.abchukuk.com\/index.php\/wp-json\/wp\/v2\/types\/post"}],"author":[{"embeddable":true,"href":"https:\/\/www.abchukuk.com\/index.php\/wp-json\/wp\/v2\/users\/1"}],"replies":[{"embeddable":true,"href":"https:\/\/www.abchukuk.com\/index.php\/wp-json\/wp\/v2\/comments?post=9830"}],"version-history":[{"count":0,"href":"https:\/\/www.abchukuk.com\/index.php\/wp-json\/wp\/v2\/posts\/9830\/revisions"}],"wp:attachment":[{"href":"https:\/\/www.abchukuk.com\/index.php\/wp-json\/wp\/v2\/media?parent=9830"}],"wp:term":[{"taxonomy":"category","embeddable":true,"href":"https:\/\/www.abchukuk.com\/index.php\/wp-json\/wp\/v2\/categories?post=9830"},{"taxonomy":"post_tag","embeddable":true,"href":"https:\/\/www.abchukuk.com\/index.php\/wp-json\/wp\/v2\/tags?post=9830"}],"curies":[{"name":"wp","href":"https:\/\/api.w.org\/{rel}","templated":true}]}}