{"id":9828,"date":"2025-10-31T11:10:00","date_gmt":"2025-10-31T11:10:00","guid":{"rendered":"https:\/\/www.abchukuk.com\/index.php\/2025\/10\/31\/ilk-durusma-6-ocakta-ankara-buyuksehir-belediyesi-konser-davasinda-14-sanik-yargilanacak\/"},"modified":"2025-10-31T11:10:00","modified_gmt":"2025-10-31T11:10:00","slug":"ilk-durusma-6-ocakta-ankara-buyuksehir-belediyesi-konser-davasinda-14-sanik-yargilanacak","status":"publish","type":"post","link":"https:\/\/www.abchukuk.com\/index.php\/2025\/10\/31\/ilk-durusma-6-ocakta-ankara-buyuksehir-belediyesi-konser-davasinda-14-sanik-yargilanacak\/","title":{"rendered":"\u0130lk duru\u015fma 6 Ocak&#8217;ta: Ankara B\u00fcy\u00fck\u015fehir Belediyesi konser davas\u0131nda 14 san\u0131k yarg\u0131lanacak"},"content":{"rendered":"<p>Ankara B\u00fcy\u00fck\u015fehir Belediyesinin (ABB) 2021-2024 d\u00f6nemindeki konser harcamalar\u0131na ili\u015fkin y\u00fcr\u00fct\u00fclen soru\u015fturma kapsam\u0131nda haz\u0131rlanan iddianame kabul edildi. 5\u2019i tutuklu 14 san\u0131\u011f\u0131n yarg\u0131lanaca\u011f\u0131 davan\u0131n 6 Ocak 2026\u2019da Ankara 34. A\u011f\u0131r Ceza Mahkemesi\u2019nde g\u00f6r\u00fclmeye ba\u015flanaca\u011f\u0131 bildirildi.Ankara B\u00fcy\u00fck\u015fehir Belediyesinin (ABB) 2021-2024 d\u00f6nemindeki konser harcamalar\u0131na ili\u015fkin y\u00fcr\u00fct\u00fclen soru\u015fturma kapsam\u0131nda haz\u0131rlanan iddianame kabul edildi. 5\u2019i tutuklu 14 san\u0131\u011f\u0131n yarg\u0131lanaca\u011f\u0131 davan\u0131n 6 Ocak 2026\u2019da Ankara 34. A\u011f\u0131r Ceza Mahkemesi\u2019nde g\u00f6r\u00fclmeye ba\u015flanaca\u011f\u0131 bildirildi.\u00a0<a href=\"https:\/\/www.dunya.com\/gundem\/ilk-durusma-6-ocakta-ankara-buyuksehir-belediyesi-konser-davasinda-14-sanik-yargilanacak-haberi-801045\" target=\"_blank\" class=\"feedzy-rss-link-icon\">Read More<\/a><\/p>","protected":false},"excerpt":{"rendered":"<p>Ankara B\u00fcy\u00fck\u015fehir Belediyesinin (ABB) 2021-2024 d\u00f6nemindeki konser harcamalar\u0131na ili\u015fkin y\u00fcr\u00fct\u00fclen soru\u015fturma kapsam\u0131nda haz\u0131rlanan iddianame kabul edildi. 5\u2019i tutuklu 14 san\u0131\u011f\u0131n yarg\u0131lanaca\u011f\u0131 davan\u0131n 6 Ocak 2026\u2019da Ankara 34. A\u011f\u0131r Ceza Mahkemesi\u2019nde g\u00f6r\u00fclmeye ba\u015flanaca\u011f\u0131 bildirildi.Ankara B\u00fcy\u00fck\u015fehir Belediyesinin (ABB) 2021-2024 d\u00f6nemindeki konser harcamalar\u0131na ili\u015fkin y\u00fcr\u00fct\u00fclen soru\u015fturma kapsam\u0131nda haz\u0131rlanan iddianame kabul edildi. 5\u2019i tutuklu 14 san\u0131\u011f\u0131n yarg\u0131lanaca\u011f\u0131 davan\u0131n 6 [&hellip;]<\/p>\n","protected":false},"author":1,"featured_media":9829,"comment_status":"open","ping_status":"open","sticky":false,"template":"","format":"standard","meta":{"footnotes":"","_links_to":"","_links_to_target":""},"categories":[1],"tags":[],"class_list":["post-9828","post","type-post","status-publish","format-standard","has-post-thumbnail","hentry","category-haberler"],"_links":{"self":[{"href":"https:\/\/www.abchukuk.com\/index.php\/wp-json\/wp\/v2\/posts\/9828","targetHints":{"allow":["GET"]}}],"collection":[{"href":"https:\/\/www.abchukuk.com\/index.php\/wp-json\/wp\/v2\/posts"}],"about":[{"href":"https:\/\/www.abchukuk.com\/index.php\/wp-json\/wp\/v2\/types\/post"}],"author":[{"embeddable":true,"href":"https:\/\/www.abchukuk.com\/index.php\/wp-json\/wp\/v2\/users\/1"}],"replies":[{"embeddable":true,"href":"https:\/\/www.abchukuk.com\/index.php\/wp-json\/wp\/v2\/comments?post=9828"}],"version-history":[{"count":0,"href":"https:\/\/www.abchukuk.com\/index.php\/wp-json\/wp\/v2\/posts\/9828\/revisions"}],"wp:featuredmedia":[{"embeddable":true,"href":"https:\/\/www.abchukuk.com\/index.php\/wp-json\/wp\/v2\/media\/9829"}],"wp:attachment":[{"href":"https:\/\/www.abchukuk.com\/index.php\/wp-json\/wp\/v2\/media?parent=9828"}],"wp:term":[{"taxonomy":"category","embeddable":true,"href":"https:\/\/www.abchukuk.com\/index.php\/wp-json\/wp\/v2\/categories?post=9828"},{"taxonomy":"post_tag","embeddable":true,"href":"https:\/\/www.abchukuk.com\/index.php\/wp-json\/wp\/v2\/tags?post=9828"}],"curies":[{"name":"wp","href":"https:\/\/api.w.org\/{rel}","templated":true}]}}