{"id":9826,"date":"2025-10-31T11:12:42","date_gmt":"2025-10-31T11:12:42","guid":{"rendered":"https:\/\/www.abchukuk.com\/index.php\/2025\/10\/31\/adalet-bakani-tunc-turkiye-yuzyili-genclerimizin-omuzlarinda-yukselecek\/"},"modified":"2025-10-31T11:12:42","modified_gmt":"2025-10-31T11:12:42","slug":"adalet-bakani-tunc-turkiye-yuzyili-genclerimizin-omuzlarinda-yukselecek","status":"publish","type":"post","link":"https:\/\/www.abchukuk.com\/index.php\/2025\/10\/31\/adalet-bakani-tunc-turkiye-yuzyili-genclerimizin-omuzlarinda-yukselecek\/","title":{"rendered":"Adalet Bakan\u0131 Tun\u00e7: \u201cT\u00fcrkiye Y\u00fczy\u0131l\u0131 gen\u00e7lerimizin omuzlar\u0131nda y\u00fckselecek\u201d"},"content":{"rendered":"<p>Adalet Bakan\u0131 Y\u0131lmaz Tun\u00e7, Prof. Dr. Yusuf Vardar M\u00d6TBE K\u00fclt\u00fcr Merkezi\u2019nde d\u00fczenlenen Ege \u00dcniversitesi (E\u00dc) 2025-2026 Akademik Y\u0131l\u0131 A\u00e7\u0131l\u0131\u015f T\u00f6reni\u2019nde konu\u015ftu.<\/p>\n<p><img fetchpriority=\"high\" decoding=\"async\" class=\"alignnone size-large wp-image-164389\" src=\"https:\/\/www.son.tv\/wp-content\/uploads\/2025\/10\/G4lU8PiXIAAFMsX-1024x683.jpg\" alt=\"\" width=\"1024\" height=\"683\" \/><\/p>\n<p>EN \u00d6NEML\u0130 KAYNA\u011eIMIZ \u0130NSAN G\u00dcC\u00dcM\u00dcZ<\/p>\n<p>Yapt\u0131\u011f\u0131 konu\u015fmada, \u00fclkelerin kalk\u0131nmas\u0131 ve geli\u015fmesi i\u00e7in e\u011fitimin \u00f6nemine de\u011finen Bakan Tun\u00e7, T\u00fcrkiye\u2019nin yer alt\u0131 kaynaklar\u0131 anlam\u0131ndaki zenginli\u011fine dikkate Bakan Tun\u00e7, \u201cAma en \u00f6nemli kayna\u011f\u0131m\u0131z insan g\u00fcc\u00fcm\u00fcz, gelecek neslimiz. T\u00fcrkiye Y\u00fczy\u0131l\u0131\u2019n\u0131 in\u015fallah onlar in\u015fa edecek. Bu nesil T\u00fcrkiye Y\u00fczy\u0131l\u0131\u2019n\u0131n temellerini att\u0131 ve T\u00fcrkiye Y\u00fczy\u0131l\u0131 gen\u00e7lerimizin omuzlar\u0131nda y\u00fckselecek. O nedenle e\u011fitime b\u00fcy\u00fck \u00f6nem veriyoruz.\u201d ifadelerini kulland\u0131.<\/p>\n<p><img decoding=\"async\" class=\"alignnone size-large wp-image-164390\" src=\"https:\/\/www.son.tv\/wp-content\/uploads\/2025\/10\/G4lU_lFWUAAvsf7-1024x674.jpg\" alt=\"\" width=\"1024\" height=\"674\" \/><\/p>\n<p>EN FAZLA PAY E\u011e\u0130T\u0130ME AYRILDI<\/p>\n<p>B\u00fct\u00e7ede en fazla pay\u0131n e\u011fitime ayr\u0131ld\u0131\u011f\u0131n\u0131 ve e\u011fitimde \u00f6nemli mesafenin al\u0131nd\u0131\u011f\u0131n\u0131 dile getiren Tun\u00e7, Son 23 y\u0131lda T\u00fcrkiye\u2019nin h\u0131zl\u0131 kalk\u0131nma s\u00fcreci i\u00e7erisinde olmas\u0131n\u0131n yan\u0131nda y\u00fcksek standartl\u0131 demokrasi ve hukuk devleti ilkesi kapsam\u0131nda \u00f6nemli mesafelerin al\u0131nd\u0131\u011f\u0131na i\u015faret ederek bu anlamda eme\u011fi ge\u00e7enlere te\u015fekk\u00fcr etti.<\/p>\n<p><img decoding=\"async\" class=\"alignnone size-large wp-image-164391\" src=\"https:\/\/www.son.tv\/wp-content\/uploads\/2025\/10\/G4lVAgTXoAALHmn-1024x521.jpg\" alt=\"\" width=\"1024\" height=\"521\" \/><\/p>\n<p>BAKAN TUN\u00c7\u2019TAN YEN\u0130 ANAYASA VURGUSU<\/p>\n<p>Yeni anayasa \u00e7al\u0131\u015fmalar\u0131n\u0131n \u00f6nemine de\u011finen Tun\u00e7, \u201c\u0130n\u015fallah Meclisimizde b\u00f6yle bir uzla\u015fma sa\u011flan\u0131r ve T\u00fcrkiye Y\u00fczy\u0131l\u0131\u2019n\u0131n ba\u015flar\u0131nda demokratik, sivil, kat\u0131l\u0131mc\u0131 bir anayasayla yolumuza devam ederiz.\u201d diye konu\u015ftu. T\u00fcrkiye Y\u00fczy\u0131l\u0131\u2019n\u0131n in\u015fa edilebilmesinin \u00f6zg\u00fcr bir T\u00fcrkiye\u2019yle m\u00fcmk\u00fcn olabilece\u011fini vurgulayan Bakan Tun\u00e7, T\u00fcrkiye\u2019nin 41 y\u0131ldan bu yana ter\u00f6r belas\u0131 ve sorunuyla m\u00fccadele etti\u011fini anlatt\u0131. Tun\u00e7, bu sorunun b\u00fcy\u00fck ekonomik kay\u0131plara neden oldu\u011funu, bu sorun ya\u015fanmasayd\u0131 \u015fehirlerin, k\u00f6ylerin ve milletin refah\u0131n\u0131n kat kat daha fazla olaca\u011f\u0131n\u0131n alt\u0131n\u0131 \u00e7izdi.<\/p>\n<p>TER\u00d6RS\u00dcZ T\u00dcRK\u0130YE HEDEF\u0130<\/p>\n<p>\u201cTer\u00f6rs\u00fcz T\u00fcrkiye\u201d hedefi do\u011frultusunda Meclis\u2019te kurulan Milli Dayan\u0131\u015fma, Karde\u015flik ve Demokrasi Komisyonu\u2019nun \u00e7al\u0131\u015fmalar\u0131na de\u011finen Tun\u00e7, \u201cTer\u00f6r\u00fcn olmamas\u0131n\u0131, T\u00fcrkiye\u2019nin \u00e7ocuklar\u0131 ve gen\u00e7lerinin T\u00fcrkiye Y\u00fczy\u0131l\u0131\u2019nda daha huzurlu ya\u015famas\u0131n\u0131 ve huzurlu bir gelece\u011fi hep beraber in\u015fa edelim istiyoruz. Son \u00e7eyrek as\u0131rda ter\u00f6r\u00fcn ortadan kald\u0131r\u0131lmas\u0131 ile ilgili b\u00fcy\u00fck m\u00fccadeleler yap\u0131ld\u0131. 41 y\u0131ll\u0131k bir m\u00fccadele bu. Evet, belli zamanlarda g\u00fcvenlik a\u011f\u0131rl\u0131kl\u0131 \u00e7al\u0131\u015fmalar oldu. Ama g\u00fcvenlik ihmal edilmedi, \u00f6zellikle son \u00e7eyrek as\u0131rda 2002\u2019de ola\u011fan\u00fcst\u00fc halin kald\u0131r\u0131lmas\u0131yla beraber bir normalle\u015fme ad\u0131mlar\u0131 ba\u015flad\u0131. \u00d6zellikle milletimizi rahats\u0131z edecek, \u015fehit ailelerimizi incitecek hi\u00e7bir ad\u0131m bug\u00fcne kadar atmad\u0131k ve bundan sonra da atmayaca\u011f\u0131z. \u0130n\u015fallah T\u00fcrkiye\u2019yi ter\u00f6rden ar\u0131nd\u0131rarak yolumuza g\u00fc\u00e7l\u00fc ad\u0131mlarla devam edece\u011fiz\u201d dedi<\/p>\n<p>PAMUK \u0130PL\u0130\u011e\u0130NE BA\u011eLI B\u0130R ATE\u015eKES<\/p>\n<p>Orta Do\u011fu\u2019daki geli\u015fmelerin T\u00fcrkiye\u2019yi yak\u0131ndan ilgilendirdi\u011fini ifade eden Tun\u00e7, \u201cFilistin\u2019de devam devam eden ate\u015fkese ra\u011fmen bombalar\u0131n at\u0131ld\u0131\u011f\u0131n\u0131, \u00e7ocuklar\u0131n ve kad\u0131nlar\u0131n \u00f6ld\u00fcr\u00fcld\u00fc\u011f\u00fcn\u00fc \u00fcz\u00fclerek g\u00f6rd\u00fcklerini dile getiren Tun\u00e7, \u201cPamuk ipli\u011fine ba\u011fl\u0131 bir ate\u015fkes. Bu ate\u015fkesin yap\u0131lmas\u0131, ate\u015fkes antla\u015fmas\u0131n\u0131n sa\u011flanmas\u0131 noktas\u0131nda Say\u0131n Cumhurba\u015fkan\u0131m\u0131z\u0131n b\u00fcy\u00fck gayretleri oldu, ba\u015f\u0131ndan beri Filistin davas\u0131n\u0131n yan\u0131nda. Filistinlilerin topraklar\u0131ndan edilmesi ve onlar\u0131n bir soyk\u0131r\u0131ma tabi tutulmas\u0131yla d\u00fcnyan\u0131n \u00f6nemli bir sorunu ve bizi de yak\u0131ndan ilgilendiren bir sorunla kar\u015f\u0131 kar\u015f\u0131yay\u0131z.\u201d \u015feklinde konu\u015ftu. Tun\u00e7, Filistin\u2019deki soyk\u0131r\u0131mda uluslararas\u0131 hukukun i\u015flemedi\u011fini ve buna ra\u011fmen adaleti ve hakkaniyeti, mazlumun hakk\u0131n\u0131, hukukunu savunmaya devam edeceklerini s\u00f6yledi.<\/p>\n<p>\u00a0<\/p>\n<p>Ege \u00dcniversitesi 2025-2026 Akademik Y\u0131l A\u00e7\u0131l\u0131\u015f T\u00f6reninde konu\u015fan Adalet Bakan\u0131 Y\u0131lmaz Tun\u00e7, e\u011fitime verilen \u00f6neme dikkat \u00e7ekerek \u201cEn \u00f6nemli kayna\u011f\u0131m\u0131z insan g\u00fcc\u00fcm\u00fcz, gelecek neslimizdir. T\u00fcrkiye Y\u00fczy\u0131l\u0131 gen\u00e7lerimizin omuzlar\u0131nda y\u00fckselecek\u201d dedi. Tun\u00e7, Milli Dayan\u0131\u015fma, Karde\u015flik ve Demokrasi Komisyonu\u2019nun \u00e7al\u0131\u015fmalar\u0131na de\u011finerek \u201cTer\u00f6rs\u00fcz T\u00fcrkiye\u201d hedefini vurgulad\u0131 ve \u201cT\u00fcrkiye\u2019nin \u00e7ocuklar\u0131 ve gen\u00e7leri daha huzurlu bir gelece\u011fe kavu\u015fsun istiyoruz\u201d ifadelerini kulland\u0131. Yeni anayasa \u00e7a\u011fr\u0131s\u0131n\u0131 yineleyen Tun\u00e7, \u201cDemokratik, sivil, kat\u0131l\u0131mc\u0131 bir anayasayla yolumuza devam edelim\u201d dedi. Orta Do\u011fu\u2019daki geli\u015fmelere de de\u011finen Bakan Tun\u00e7, Filistin\u2019deki ate\u015fkesin \u201cpamuk ipli\u011fine ba\u011fl\u0131\u201d oldu\u011funu belirterek, Cumhurba\u015fkan\u0131 Erdo\u011fan\u2019\u0131n Filistin davas\u0131ndaki kararl\u0131 duru\u015funa dikkat \u00e7ekti.\u00a0<a href=\"https:\/\/www.son.tv\/adalet-bakani-tunc-turkiye-yuzyili-genclerimizin-omuzlarinda-yukselecek\/\" target=\"_blank\" class=\"feedzy-rss-link-icon\">Read More<\/a><\/p>","protected":false},"excerpt":{"rendered":"<p>Adalet Bakan\u0131 Y\u0131lmaz Tun\u00e7, Prof. Dr. Yusuf Vardar M\u00d6TBE K\u00fclt\u00fcr Merkezi\u2019nde d\u00fczenlenen Ege \u00dcniversitesi (E\u00dc) 2025-2026 Akademik Y\u0131l\u0131 A\u00e7\u0131l\u0131\u015f T\u00f6reni\u2019nde konu\u015ftu. EN \u00d6NEML\u0130 KAYNA\u011eIMIZ \u0130NSAN G\u00dcC\u00dcM\u00dcZ Yapt\u0131\u011f\u0131 konu\u015fmada, \u00fclkelerin kalk\u0131nmas\u0131 ve geli\u015fmesi i\u00e7in e\u011fitimin \u00f6nemine de\u011finen Bakan Tun\u00e7, T\u00fcrkiye\u2019nin yer alt\u0131 kaynaklar\u0131 anlam\u0131ndaki zenginli\u011fine dikkate Bakan Tun\u00e7, \u201cAma en \u00f6nemli kayna\u011f\u0131m\u0131z insan g\u00fcc\u00fcm\u00fcz, gelecek neslimiz. [&hellip;]<\/p>\n","protected":false},"author":1,"featured_media":9827,"comment_status":"open","ping_status":"open","sticky":false,"template":"","format":"standard","meta":{"footnotes":"","_links_to":"","_links_to_target":""},"categories":[1],"tags":[],"class_list":["post-9826","post","type-post","status-publish","format-standard","has-post-thumbnail","hentry","category-haberler"],"_links":{"self":[{"href":"https:\/\/www.abchukuk.com\/index.php\/wp-json\/wp\/v2\/posts\/9826","targetHints":{"allow":["GET"]}}],"collection":[{"href":"https:\/\/www.abchukuk.com\/index.php\/wp-json\/wp\/v2\/posts"}],"about":[{"href":"https:\/\/www.abchukuk.com\/index.php\/wp-json\/wp\/v2\/types\/post"}],"author":[{"embeddable":true,"href":"https:\/\/www.abchukuk.com\/index.php\/wp-json\/wp\/v2\/users\/1"}],"replies":[{"embeddable":true,"href":"https:\/\/www.abchukuk.com\/index.php\/wp-json\/wp\/v2\/comments?post=9826"}],"version-history":[{"count":0,"href":"https:\/\/www.abchukuk.com\/index.php\/wp-json\/wp\/v2\/posts\/9826\/revisions"}],"wp:featuredmedia":[{"embeddable":true,"href":"https:\/\/www.abchukuk.com\/index.php\/wp-json\/wp\/v2\/media\/9827"}],"wp:attachment":[{"href":"https:\/\/www.abchukuk.com\/index.php\/wp-json\/wp\/v2\/media?parent=9826"}],"wp:term":[{"taxonomy":"category","embeddable":true,"href":"https:\/\/www.abchukuk.com\/index.php\/wp-json\/wp\/v2\/categories?post=9826"},{"taxonomy":"post_tag","embeddable":true,"href":"https:\/\/www.abchukuk.com\/index.php\/wp-json\/wp\/v2\/tags?post=9826"}],"curies":[{"name":"wp","href":"https:\/\/api.w.org\/{rel}","templated":true}]}}