{"id":9825,"date":"2025-10-31T11:18:56","date_gmt":"2025-10-31T11:18:56","guid":{"rendered":"https:\/\/www.abchukuk.com\/index.php\/2025\/10\/31\/kartalkaya-davasinda-karar-halit-ergul-dahil-11-kisiye-agirlastirilmis-muebbet-hapis-cezasi-verildi\/"},"modified":"2025-10-31T11:18:56","modified_gmt":"2025-10-31T11:18:56","slug":"kartalkaya-davasinda-karar-halit-ergul-dahil-11-kisiye-agirlastirilmis-muebbet-hapis-cezasi-verildi","status":"publish","type":"post","link":"https:\/\/www.abchukuk.com\/index.php\/2025\/10\/31\/kartalkaya-davasinda-karar-halit-ergul-dahil-11-kisiye-agirlastirilmis-muebbet-hapis-cezasi-verildi\/","title":{"rendered":"Kartalkaya davas\u0131nda karar: Halit Erg\u00fcl dahil 11 ki\u015fiye a\u011f\u0131rla\u015ft\u0131r\u0131lm\u0131\u015f m\u00fcebbet hapis cezas\u0131 verildi"},"content":{"rendered":"<p>Bolu Kartalkaya&#8217;da 36&#8217;s\u0131 \u00e7ocuk 78 ki\u015finin ya\u015fam\u0131n\u0131 yitirdi\u011fi Grand Kartal Otel yang\u0131n\u0131na ili\u015fkin davada otel sahibi Halit Erg\u00fcl, e\u015fi ve 2 k\u0131z\u0131 dahil 11 ki\u015fi a\u011f\u0131rla\u015ft\u0131r\u0131lm\u0131\u015f m\u00fcebbet hapis cezas\u0131na \u00e7arpt\u0131r\u0131ld\u0131. San\u0131klara yang\u0131nda can veren 44 ki\u015fi i\u00e7in ayr\u0131ca m\u00fcebbet hapis cezas\u0131 da verildi.Bolu Kartalkaya&#8217;da 36&#8217;s\u0131 \u00e7ocuk 78 ki\u015finin ya\u015fam\u0131n\u0131 yitirdi\u011fi Grand Kartal Otel yang\u0131n\u0131na ili\u015fkin davada otel sahibi Halit Erg\u00fcl, e\u015fi ve 2 k\u0131z\u0131 dahil 11 ki\u015fi a\u011f\u0131rla\u015ft\u0131r\u0131lm\u0131\u015f m\u00fcebbet hapis cezas\u0131na \u00e7arpt\u0131r\u0131ld\u0131. San\u0131klara yang\u0131nda can veren 44 ki\u015fi i\u00e7in ayr\u0131ca m\u00fcebbet hapis cezas\u0131 da verildi.\u00a0<a href=\"https:\/\/anlatilaninotesi.com.tr\/20251031\/kartalkaya-otel-yangini-davasinda-karar-aciklaniyor-otel-sahibi-ergule-agirlastirilmis-muebbet-1100645130.html\" target=\"_blank\" class=\"feedzy-rss-link-icon\">Read More<\/a><\/p>","protected":false},"excerpt":{"rendered":"<p>Bolu Kartalkaya&#8217;da 36&#8217;s\u0131 \u00e7ocuk 78 ki\u015finin ya\u015fam\u0131n\u0131 yitirdi\u011fi Grand Kartal Otel yang\u0131n\u0131na ili\u015fkin davada otel sahibi Halit Erg\u00fcl, e\u015fi ve 2 k\u0131z\u0131 dahil 11 ki\u015fi a\u011f\u0131rla\u015ft\u0131r\u0131lm\u0131\u015f m\u00fcebbet hapis cezas\u0131na \u00e7arpt\u0131r\u0131ld\u0131. San\u0131klara yang\u0131nda can veren 44 ki\u015fi i\u00e7in ayr\u0131ca m\u00fcebbet hapis cezas\u0131 da verildi.Bolu Kartalkaya&#8217;da 36&#8217;s\u0131 \u00e7ocuk 78 ki\u015finin ya\u015fam\u0131n\u0131 yitirdi\u011fi Grand Kartal Otel yang\u0131n\u0131na ili\u015fkin [&hellip;]<\/p>\n","protected":false},"author":1,"featured_media":0,"comment_status":"open","ping_status":"open","sticky":false,"template":"","format":"standard","meta":{"footnotes":"","_links_to":"","_links_to_target":""},"categories":[1],"tags":[],"class_list":["post-9825","post","type-post","status-publish","format-standard","hentry","category-haberler"],"_links":{"self":[{"href":"https:\/\/www.abchukuk.com\/index.php\/wp-json\/wp\/v2\/posts\/9825","targetHints":{"allow":["GET"]}}],"collection":[{"href":"https:\/\/www.abchukuk.com\/index.php\/wp-json\/wp\/v2\/posts"}],"about":[{"href":"https:\/\/www.abchukuk.com\/index.php\/wp-json\/wp\/v2\/types\/post"}],"author":[{"embeddable":true,"href":"https:\/\/www.abchukuk.com\/index.php\/wp-json\/wp\/v2\/users\/1"}],"replies":[{"embeddable":true,"href":"https:\/\/www.abchukuk.com\/index.php\/wp-json\/wp\/v2\/comments?post=9825"}],"version-history":[{"count":0,"href":"https:\/\/www.abchukuk.com\/index.php\/wp-json\/wp\/v2\/posts\/9825\/revisions"}],"wp:attachment":[{"href":"https:\/\/www.abchukuk.com\/index.php\/wp-json\/wp\/v2\/media?parent=9825"}],"wp:term":[{"taxonomy":"category","embeddable":true,"href":"https:\/\/www.abchukuk.com\/index.php\/wp-json\/wp\/v2\/categories?post=9825"},{"taxonomy":"post_tag","embeddable":true,"href":"https:\/\/www.abchukuk.com\/index.php\/wp-json\/wp\/v2\/tags?post=9825"}],"curies":[{"name":"wp","href":"https:\/\/api.w.org\/{rel}","templated":true}]}}