{"id":9823,"date":"2025-10-31T11:35:00","date_gmt":"2025-10-31T11:35:00","guid":{"rendered":"https:\/\/www.abchukuk.com\/index.php\/2025\/10\/31\/abbye-konser-davasinda-durusma-tarihi-belli-oldu\/"},"modified":"2025-10-31T11:35:00","modified_gmt":"2025-10-31T11:35:00","slug":"abbye-konser-davasinda-durusma-tarihi-belli-oldu","status":"publish","type":"post","link":"https:\/\/www.abchukuk.com\/index.php\/2025\/10\/31\/abbye-konser-davasinda-durusma-tarihi-belli-oldu\/","title":{"rendered":"ABB&#8217;ye &#8216;Konser&#8217; Davas\u0131nda Duru\u015fma Tarihi Belli Oldu"},"content":{"rendered":"<p><a href=\"https:\/\/www.gercekgundem.com\/guncel\/abbye-konser-davasinda-durusma-tarihi-belli-oldu-561236\"><br \/>\n                                                            <img decoding=\"async\" src=\"https:\/\/i.gercekgundem.com\/2\/150\/84\/storage\/files\/images\/2025\/10\/31\/abbye-konser-davasinda-durusma-tarihi-belli-oldu-dzhw.jpg\" width=\"150\" height=\"84\" border=\"0\" align=\"right\" \/><br \/>\n                                                    <\/a><\/p>\n<h4>Ankara B\u00fcy\u00fck\u015fehir Belediyesine &#8216;konser&#8217; davas\u0131nda duru\u015fma tarihi belli oldu. &#8216;Nitelikli zimmet&#8217; 7 y\u0131l 6 aydan 31 y\u0131l 6 aya kadar hapsi istenen 5&#8217;i tutuklu 14 san\u0131\u011f\u0131n yarg\u0131lanmas\u0131na 6 Ocak&#8217;ta ba\u015flanacak.<\/h4>\n<p>Ankara B\u00fcy\u00fck\u015fehir Belediyesine &#8216;konser&#8217; davas\u0131nda duru\u015fma tarihi belli oldu. &#8216;Nitelikli zimmet&#8217; 7 y\u0131l 6 aydan 31 y\u0131l 6 aya kadar hapsi istenen 5&#8217;i tutuklu 14 san\u0131\u011f\u0131n yarg\u0131lanmas\u0131na 6 Ocak&#8217;ta ba\u015flanacak.\u00a0<a href=\"https:\/\/www.gercekgundem.com\/guncel\/abbye-konser-davasinda-durusma-tarihi-belli-oldu-561236\" target=\"_blank\" class=\"feedzy-rss-link-icon\">Read More<\/a><\/p>","protected":false},"excerpt":{"rendered":"<p>Ankara B\u00fcy\u00fck\u015fehir Belediyesine &#8216;konser&#8217; davas\u0131nda duru\u015fma tarihi belli oldu. &#8216;Nitelikli zimmet&#8217; 7 y\u0131l 6 aydan 31 y\u0131l 6 aya kadar hapsi istenen 5&#8217;i tutuklu 14 san\u0131\u011f\u0131n yarg\u0131lanmas\u0131na 6 Ocak&#8217;ta ba\u015flanacak. Ankara B\u00fcy\u00fck\u015fehir Belediyesine &#8216;konser&#8217; davas\u0131nda duru\u015fma tarihi belli oldu. &#8216;Nitelikli zimmet&#8217; 7 y\u0131l 6 aydan 31 y\u0131l 6 aya kadar hapsi istenen 5&#8217;i tutuklu 14 [&hellip;]<\/p>\n","protected":false},"author":1,"featured_media":9824,"comment_status":"open","ping_status":"open","sticky":false,"template":"","format":"standard","meta":{"footnotes":"","_links_to":"","_links_to_target":""},"categories":[1],"tags":[],"class_list":["post-9823","post","type-post","status-publish","format-standard","has-post-thumbnail","hentry","category-haberler"],"_links":{"self":[{"href":"https:\/\/www.abchukuk.com\/index.php\/wp-json\/wp\/v2\/posts\/9823","targetHints":{"allow":["GET"]}}],"collection":[{"href":"https:\/\/www.abchukuk.com\/index.php\/wp-json\/wp\/v2\/posts"}],"about":[{"href":"https:\/\/www.abchukuk.com\/index.php\/wp-json\/wp\/v2\/types\/post"}],"author":[{"embeddable":true,"href":"https:\/\/www.abchukuk.com\/index.php\/wp-json\/wp\/v2\/users\/1"}],"replies":[{"embeddable":true,"href":"https:\/\/www.abchukuk.com\/index.php\/wp-json\/wp\/v2\/comments?post=9823"}],"version-history":[{"count":0,"href":"https:\/\/www.abchukuk.com\/index.php\/wp-json\/wp\/v2\/posts\/9823\/revisions"}],"wp:featuredmedia":[{"embeddable":true,"href":"https:\/\/www.abchukuk.com\/index.php\/wp-json\/wp\/v2\/media\/9824"}],"wp:attachment":[{"href":"https:\/\/www.abchukuk.com\/index.php\/wp-json\/wp\/v2\/media?parent=9823"}],"wp:term":[{"taxonomy":"category","embeddable":true,"href":"https:\/\/www.abchukuk.com\/index.php\/wp-json\/wp\/v2\/categories?post=9823"},{"taxonomy":"post_tag","embeddable":true,"href":"https:\/\/www.abchukuk.com\/index.php\/wp-json\/wp\/v2\/tags?post=9823"}],"curies":[{"name":"wp","href":"https:\/\/api.w.org\/{rel}","templated":true}]}}