{"id":9813,"date":"2025-10-31T10:57:06","date_gmt":"2025-10-31T10:57:06","guid":{"rendered":"https:\/\/www.abchukuk.com\/index.php\/2025\/10\/31\/boludaki-otel-yangininda-8-yakinini-kaybeden-avukat-yuksel-gultekin-adalet-yerini-bulmazsa-kiyamet-kopar\/"},"modified":"2025-10-31T10:57:06","modified_gmt":"2025-10-31T10:57:06","slug":"boludaki-otel-yangininda-8-yakinini-kaybeden-avukat-yuksel-gultekin-adalet-yerini-bulmazsa-kiyamet-kopar","status":"publish","type":"post","link":"https:\/\/www.abchukuk.com\/index.php\/2025\/10\/31\/boludaki-otel-yangininda-8-yakinini-kaybeden-avukat-yuksel-gultekin-adalet-yerini-bulmazsa-kiyamet-kopar\/","title":{"rendered":"Bolu&#8217;daki otel yang\u0131n\u0131nda 8 yak\u0131n\u0131n\u0131 kaybeden avukat Y\u00fcksel G\u00fcltekin: &#8216;Adalet yerini bulmazsa k\u0131yamet kopar&#8217;"},"content":{"rendered":"<p>Bolu Grand Kartal Otel&#8217;de 21 Ocak&#8217;ta \u00e7\u0131kan yang\u0131nda 8 yak\u0131n\u0131n\u0131 kaybeden avukat Y\u00fcksel G\u00fcltekin, &#8220;Bu dava, rutin bir dava de\u011fil. Bu dava, 78 can\u0131n hesab\u0131n\u0131n soruldu\u011fu, T\u00fcrkiye&#8217;ye \u00f6rnek te\u015fkil etmesi gereken ve adil karar verilmesini bekledi\u011fimiz bir dava. Adalet yerini bulmazsa k\u0131yamet kopar&#8221; dediBolu Grand Kartal Otel&#8217;de 21 Ocak&#8217;ta \u00e7\u0131kan yang\u0131nda 8 yak\u0131n\u0131n\u0131 kaybeden avukat Y\u00fcksel G\u00fcltekin, &#8220;Bu dava, rutin bir dava de\u011fil. Bu dava, 78 can\u0131n hesab\u0131n\u0131n soruldu\u011fu, T\u00fcrkiye&#8217;ye \u00f6rnek te\u015fkil etmesi gereken ve adil karar verilmesini bekledi\u011fimiz bir dava. Adalet yerini bulmazsa k\u0131yamet kopar&#8221; dedi\u00a0<a href=\"https:\/\/anlatilaninotesi.com.tr\/20251031\/boludaki-otel-yangininda-8-yakinini-kaybeden-avukat-yuksel-gultekin-adalet-yerini-bulmazsa-kiyamet-1100643956.html\" target=\"_blank\" class=\"feedzy-rss-link-icon\">Read More<\/a><\/p>","protected":false},"excerpt":{"rendered":"<p>Bolu Grand Kartal Otel&#8217;de 21 Ocak&#8217;ta \u00e7\u0131kan yang\u0131nda 8 yak\u0131n\u0131n\u0131 kaybeden avukat Y\u00fcksel G\u00fcltekin, &#8220;Bu dava, rutin bir dava de\u011fil. Bu dava, 78 can\u0131n hesab\u0131n\u0131n soruldu\u011fu, T\u00fcrkiye&#8217;ye \u00f6rnek te\u015fkil etmesi gereken ve adil karar verilmesini bekledi\u011fimiz bir dava. Adalet yerini bulmazsa k\u0131yamet kopar&#8221; dediBolu Grand Kartal Otel&#8217;de 21 Ocak&#8217;ta \u00e7\u0131kan yang\u0131nda 8 yak\u0131n\u0131n\u0131 kaybeden avukat [&hellip;]<\/p>\n","protected":false},"author":1,"featured_media":0,"comment_status":"open","ping_status":"open","sticky":false,"template":"","format":"standard","meta":{"footnotes":"","_links_to":"","_links_to_target":""},"categories":[1],"tags":[],"class_list":["post-9813","post","type-post","status-publish","format-standard","hentry","category-haberler"],"_links":{"self":[{"href":"https:\/\/www.abchukuk.com\/index.php\/wp-json\/wp\/v2\/posts\/9813","targetHints":{"allow":["GET"]}}],"collection":[{"href":"https:\/\/www.abchukuk.com\/index.php\/wp-json\/wp\/v2\/posts"}],"about":[{"href":"https:\/\/www.abchukuk.com\/index.php\/wp-json\/wp\/v2\/types\/post"}],"author":[{"embeddable":true,"href":"https:\/\/www.abchukuk.com\/index.php\/wp-json\/wp\/v2\/users\/1"}],"replies":[{"embeddable":true,"href":"https:\/\/www.abchukuk.com\/index.php\/wp-json\/wp\/v2\/comments?post=9813"}],"version-history":[{"count":0,"href":"https:\/\/www.abchukuk.com\/index.php\/wp-json\/wp\/v2\/posts\/9813\/revisions"}],"wp:attachment":[{"href":"https:\/\/www.abchukuk.com\/index.php\/wp-json\/wp\/v2\/media?parent=9813"}],"wp:term":[{"taxonomy":"category","embeddable":true,"href":"https:\/\/www.abchukuk.com\/index.php\/wp-json\/wp\/v2\/categories?post=9813"},{"taxonomy":"post_tag","embeddable":true,"href":"https:\/\/www.abchukuk.com\/index.php\/wp-json\/wp\/v2\/tags?post=9813"}],"curies":[{"name":"wp","href":"https:\/\/api.w.org\/{rel}","templated":true}]}}