{"id":9811,"date":"2025-10-31T09:10:00","date_gmt":"2025-10-31T09:10:00","guid":{"rendered":"https:\/\/www.abchukuk.com\/index.php\/2025\/10\/31\/grand-kartal-otel-durusmasina-ara-verildi-aranin-ardindan-karar-verilecek\/"},"modified":"2025-10-31T09:10:00","modified_gmt":"2025-10-31T09:10:00","slug":"grand-kartal-otel-durusmasina-ara-verildi-aranin-ardindan-karar-verilecek","status":"publish","type":"post","link":"https:\/\/www.abchukuk.com\/index.php\/2025\/10\/31\/grand-kartal-otel-durusmasina-ara-verildi-aranin-ardindan-karar-verilecek\/","title":{"rendered":"Grand Kartal Otel duru\u015fmas\u0131na ara verildi: Aran\u0131n ard\u0131ndan karar verilecek"},"content":{"rendered":"<p>Bolu\u2019da 78 ki\u015finin hayat\u0131n\u0131 kaybetti\u011fi Grand Kartal Otel facias\u0131na ili\u015fkin devam eden duru\u015fmaya mahkemeye heyeti saat 14.00\u2019a kadar ara verdi. Aran\u0131n ard\u0131ndan mahkeme heyetini karar\u0131n\u0131 a\u00e7\u0131klayaca\u011f\u0131n\u0131 belirtti.Bolu\u2019da 78 ki\u015finin hayat\u0131n\u0131 kaybetti\u011fi Grand Kartal Otel facias\u0131na ili\u015fkin devam eden duru\u015fmaya mahkemeye heyeti saat 14.00\u2019a kadar ara verdi. Aran\u0131n ard\u0131ndan mahkeme heyetini karar\u0131n\u0131 a\u00e7\u0131klayaca\u011f\u0131n\u0131 belirtti.\u00a0<a href=\"https:\/\/www.cumhuriyet.com.tr\/turkiye\/grand-kartal-otel-durusmasina-ara-verildi-aranin-ardindan-karar-verilecek-2448540\" target=\"_blank\" class=\"feedzy-rss-link-icon\">Read More<\/a><\/p>","protected":false},"excerpt":{"rendered":"<p>Bolu\u2019da 78 ki\u015finin hayat\u0131n\u0131 kaybetti\u011fi Grand Kartal Otel facias\u0131na ili\u015fkin devam eden duru\u015fmaya mahkemeye heyeti saat 14.00\u2019a kadar ara verdi. Aran\u0131n ard\u0131ndan mahkeme heyetini karar\u0131n\u0131 a\u00e7\u0131klayaca\u011f\u0131n\u0131 belirtti.Bolu\u2019da 78 ki\u015finin hayat\u0131n\u0131 kaybetti\u011fi Grand Kartal Otel facias\u0131na ili\u015fkin devam eden duru\u015fmaya mahkemeye heyeti saat 14.00\u2019a kadar ara verdi. Aran\u0131n ard\u0131ndan mahkeme heyetini karar\u0131n\u0131 a\u00e7\u0131klayaca\u011f\u0131n\u0131 belirtti.\u00a0Read More<\/p>\n","protected":false},"author":1,"featured_media":9812,"comment_status":"open","ping_status":"open","sticky":false,"template":"","format":"standard","meta":{"footnotes":"","_links_to":"","_links_to_target":""},"categories":[1],"tags":[],"class_list":["post-9811","post","type-post","status-publish","format-standard","has-post-thumbnail","hentry","category-haberler"],"_links":{"self":[{"href":"https:\/\/www.abchukuk.com\/index.php\/wp-json\/wp\/v2\/posts\/9811","targetHints":{"allow":["GET"]}}],"collection":[{"href":"https:\/\/www.abchukuk.com\/index.php\/wp-json\/wp\/v2\/posts"}],"about":[{"href":"https:\/\/www.abchukuk.com\/index.php\/wp-json\/wp\/v2\/types\/post"}],"author":[{"embeddable":true,"href":"https:\/\/www.abchukuk.com\/index.php\/wp-json\/wp\/v2\/users\/1"}],"replies":[{"embeddable":true,"href":"https:\/\/www.abchukuk.com\/index.php\/wp-json\/wp\/v2\/comments?post=9811"}],"version-history":[{"count":0,"href":"https:\/\/www.abchukuk.com\/index.php\/wp-json\/wp\/v2\/posts\/9811\/revisions"}],"wp:featuredmedia":[{"embeddable":true,"href":"https:\/\/www.abchukuk.com\/index.php\/wp-json\/wp\/v2\/media\/9812"}],"wp:attachment":[{"href":"https:\/\/www.abchukuk.com\/index.php\/wp-json\/wp\/v2\/media?parent=9811"}],"wp:term":[{"taxonomy":"category","embeddable":true,"href":"https:\/\/www.abchukuk.com\/index.php\/wp-json\/wp\/v2\/categories?post=9811"},{"taxonomy":"post_tag","embeddable":true,"href":"https:\/\/www.abchukuk.com\/index.php\/wp-json\/wp\/v2\/tags?post=9811"}],"curies":[{"name":"wp","href":"https:\/\/api.w.org\/{rel}","templated":true}]}}