{"id":9809,"date":"2025-10-31T09:27:00","date_gmt":"2025-10-31T09:27:00","guid":{"rendered":"https:\/\/www.abchukuk.com\/index.php\/2025\/10\/31\/kartalkaya-davasinda-ucuncu-durusmada-4ncu-gun-karar-bekleniyor\/"},"modified":"2025-10-31T09:27:00","modified_gmt":"2025-10-31T09:27:00","slug":"kartalkaya-davasinda-ucuncu-durusmada-4ncu-gun-karar-bekleniyor","status":"publish","type":"post","link":"https:\/\/www.abchukuk.com\/index.php\/2025\/10\/31\/kartalkaya-davasinda-ucuncu-durusmada-4ncu-gun-karar-bekleniyor\/","title":{"rendered":"Kartalkaya Davas\u0131nda \u00dc\u00e7\u00fcnc\u00fc Duru\u015fmada 4&#8217;nc\u00fc G\u00fcn! Karar Bekleniyor"},"content":{"rendered":"<p><a href=\"https:\/\/www.gercekgundem.com\/guncel\/kartalkaya-davasinda-ucuncu-durusmada-4ncu-gun-karar-bekleniyor-561227\"><br \/>\n                                                            <img decoding=\"async\" src=\"https:\/\/i.gercekgundem.com\/2\/150\/84\/storage\/files\/images\/2025\/10\/31\/kartalkaya-davasinda-ucuncu-durusmada-4ncu-gun-karar-bekleniyor-lkcv.jpg\" width=\"150\" height=\"84\" border=\"0\" align=\"right\" \/><br \/>\n                                                    <\/a><\/p>\n<h4>Bolu&#8217;da 78 ki\u015finin hayat\u0131n\u0131 kaybetti\u011fi Grand Kartal Otel facias\u0131n\u0131n duru\u015fmas\u0131nda mahkeme heyeti, saat 14.00&#8217;e kadar ara verdi. Heyet aran\u0131n ard\u0131ndan 20&#8217;si tutuklu 32 san\u0131\u011fa son s\u00f6zlerini sorup, karar vermesi bekleniyor.<\/h4>\n<p>Bolu&#8217;da 78 ki\u015finin hayat\u0131n\u0131 kaybetti\u011fi Grand Kartal Otel facias\u0131n\u0131n duru\u015fmas\u0131nda mahkeme heyeti, saat 14.00&#8217;e kadar ara verdi. Heyet aran\u0131n ard\u0131ndan 20&#8217;si tutuklu 32 san\u0131\u011fa son s\u00f6zlerini sorup, karar vermesi bekleniyor.\u00a0<a href=\"https:\/\/www.gercekgundem.com\/guncel\/kartalkaya-davasinda-ucuncu-durusmada-4ncu-gun-karar-bekleniyor-561227\" target=\"_blank\" class=\"feedzy-rss-link-icon\">Read More<\/a><\/p>","protected":false},"excerpt":{"rendered":"<p>Bolu&#8217;da 78 ki\u015finin hayat\u0131n\u0131 kaybetti\u011fi Grand Kartal Otel facias\u0131n\u0131n duru\u015fmas\u0131nda mahkeme heyeti, saat 14.00&#8217;e kadar ara verdi. Heyet aran\u0131n ard\u0131ndan 20&#8217;si tutuklu 32 san\u0131\u011fa son s\u00f6zlerini sorup, karar vermesi bekleniyor. Bolu&#8217;da 78 ki\u015finin hayat\u0131n\u0131 kaybetti\u011fi Grand Kartal Otel facias\u0131n\u0131n duru\u015fmas\u0131nda mahkeme heyeti, saat 14.00&#8217;e kadar ara verdi. Heyet aran\u0131n ard\u0131ndan 20&#8217;si tutuklu 32 san\u0131\u011fa son [&hellip;]<\/p>\n","protected":false},"author":1,"featured_media":9810,"comment_status":"open","ping_status":"open","sticky":false,"template":"","format":"standard","meta":{"footnotes":"","_links_to":"","_links_to_target":""},"categories":[1],"tags":[],"class_list":["post-9809","post","type-post","status-publish","format-standard","has-post-thumbnail","hentry","category-haberler"],"_links":{"self":[{"href":"https:\/\/www.abchukuk.com\/index.php\/wp-json\/wp\/v2\/posts\/9809","targetHints":{"allow":["GET"]}}],"collection":[{"href":"https:\/\/www.abchukuk.com\/index.php\/wp-json\/wp\/v2\/posts"}],"about":[{"href":"https:\/\/www.abchukuk.com\/index.php\/wp-json\/wp\/v2\/types\/post"}],"author":[{"embeddable":true,"href":"https:\/\/www.abchukuk.com\/index.php\/wp-json\/wp\/v2\/users\/1"}],"replies":[{"embeddable":true,"href":"https:\/\/www.abchukuk.com\/index.php\/wp-json\/wp\/v2\/comments?post=9809"}],"version-history":[{"count":0,"href":"https:\/\/www.abchukuk.com\/index.php\/wp-json\/wp\/v2\/posts\/9809\/revisions"}],"wp:featuredmedia":[{"embeddable":true,"href":"https:\/\/www.abchukuk.com\/index.php\/wp-json\/wp\/v2\/media\/9810"}],"wp:attachment":[{"href":"https:\/\/www.abchukuk.com\/index.php\/wp-json\/wp\/v2\/media?parent=9809"}],"wp:term":[{"taxonomy":"category","embeddable":true,"href":"https:\/\/www.abchukuk.com\/index.php\/wp-json\/wp\/v2\/categories?post=9809"},{"taxonomy":"post_tag","embeddable":true,"href":"https:\/\/www.abchukuk.com\/index.php\/wp-json\/wp\/v2\/tags?post=9809"}],"curies":[{"name":"wp","href":"https:\/\/api.w.org\/{rel}","templated":true}]}}