{"id":9807,"date":"2025-10-31T08:06:00","date_gmt":"2025-10-31T08:06:00","guid":{"rendered":"https:\/\/www.abchukuk.com\/index.php\/2025\/10\/31\/imamoglunun-danismani-ibrahim-ozkan-gozaltinda-chpden-jet-tepki-birakin-bu-ayak-oyunlarini\/"},"modified":"2025-10-31T08:06:00","modified_gmt":"2025-10-31T08:06:00","slug":"imamoglunun-danismani-ibrahim-ozkan-gozaltinda-chpden-jet-tepki-birakin-bu-ayak-oyunlarini","status":"publish","type":"post","link":"https:\/\/www.abchukuk.com\/index.php\/2025\/10\/31\/imamoglunun-danismani-ibrahim-ozkan-gozaltinda-chpden-jet-tepki-birakin-bu-ayak-oyunlarini\/","title":{"rendered":"\u0130mamo\u011flu&#8217;nun dan\u0131\u015fman\u0131 \u0130brahim \u00d6zkan g\u00f6zalt\u0131nda&#8230; CHP&#8217;den jet tepki: &#8216;B\u0131rak\u0131n bu ayak oyunlar\u0131n\u0131!&#8217;"},"content":{"rendered":"<p>Tutuklu \u0130BB Ba\u015fkan\u0131 ve CHP\u2019nin Cumhurba\u015fkan\u0131 aday\u0131 Ekrem \u0130mamo\u011flu\u2019nun dan\u0131\u015fmanlar\u0131ndan \u0130brahim \u00d6zkan, \u0130BB\u2019ye y\u00f6nelik soru\u015fturma kapsam\u0131nda g\u00f6zalt\u0131na al\u0131nd\u0131. G\u00f6zalt\u0131ya CHP&#8217;den sert tepki geldi.Tutuklu \u0130BB Ba\u015fkan\u0131 ve CHP\u2019nin Cumhurba\u015fkan\u0131 aday\u0131 Ekrem \u0130mamo\u011flu\u2019nun dan\u0131\u015fmanlar\u0131ndan \u0130brahim \u00d6zkan, \u0130BB\u2019ye y\u00f6nelik soru\u015fturma kapsam\u0131nda g\u00f6zalt\u0131na al\u0131nd\u0131. G\u00f6zalt\u0131ya CHP&#8217;den sert tepki geldi.\u00a0<a href=\"https:\/\/www.cumhuriyet.com.tr\/siyaset\/imamoglu-nun-danismani-ibrahim-ozkan-gozaltinda-chp-den-jet-tepki-birakin-bu-ayak-oyunlarini-2448512\" target=\"_blank\" class=\"feedzy-rss-link-icon\">Read More<\/a><\/p>","protected":false},"excerpt":{"rendered":"<p>Tutuklu \u0130BB Ba\u015fkan\u0131 ve CHP\u2019nin Cumhurba\u015fkan\u0131 aday\u0131 Ekrem \u0130mamo\u011flu\u2019nun dan\u0131\u015fmanlar\u0131ndan \u0130brahim \u00d6zkan, \u0130BB\u2019ye y\u00f6nelik soru\u015fturma kapsam\u0131nda g\u00f6zalt\u0131na al\u0131nd\u0131. G\u00f6zalt\u0131ya CHP&#8217;den sert tepki geldi.Tutuklu \u0130BB Ba\u015fkan\u0131 ve CHP\u2019nin Cumhurba\u015fkan\u0131 aday\u0131 Ekrem \u0130mamo\u011flu\u2019nun dan\u0131\u015fmanlar\u0131ndan \u0130brahim \u00d6zkan, \u0130BB\u2019ye y\u00f6nelik soru\u015fturma kapsam\u0131nda g\u00f6zalt\u0131na al\u0131nd\u0131. G\u00f6zalt\u0131ya CHP&#8217;den sert tepki geldi.\u00a0Read More<\/p>\n","protected":false},"author":1,"featured_media":9808,"comment_status":"open","ping_status":"open","sticky":false,"template":"","format":"standard","meta":{"footnotes":"","_links_to":"","_links_to_target":""},"categories":[1],"tags":[],"class_list":["post-9807","post","type-post","status-publish","format-standard","has-post-thumbnail","hentry","category-haberler"],"_links":{"self":[{"href":"https:\/\/www.abchukuk.com\/index.php\/wp-json\/wp\/v2\/posts\/9807","targetHints":{"allow":["GET"]}}],"collection":[{"href":"https:\/\/www.abchukuk.com\/index.php\/wp-json\/wp\/v2\/posts"}],"about":[{"href":"https:\/\/www.abchukuk.com\/index.php\/wp-json\/wp\/v2\/types\/post"}],"author":[{"embeddable":true,"href":"https:\/\/www.abchukuk.com\/index.php\/wp-json\/wp\/v2\/users\/1"}],"replies":[{"embeddable":true,"href":"https:\/\/www.abchukuk.com\/index.php\/wp-json\/wp\/v2\/comments?post=9807"}],"version-history":[{"count":0,"href":"https:\/\/www.abchukuk.com\/index.php\/wp-json\/wp\/v2\/posts\/9807\/revisions"}],"wp:featuredmedia":[{"embeddable":true,"href":"https:\/\/www.abchukuk.com\/index.php\/wp-json\/wp\/v2\/media\/9808"}],"wp:attachment":[{"href":"https:\/\/www.abchukuk.com\/index.php\/wp-json\/wp\/v2\/media?parent=9807"}],"wp:term":[{"taxonomy":"category","embeddable":true,"href":"https:\/\/www.abchukuk.com\/index.php\/wp-json\/wp\/v2\/categories?post=9807"},{"taxonomy":"post_tag","embeddable":true,"href":"https:\/\/www.abchukuk.com\/index.php\/wp-json\/wp\/v2\/tags?post=9807"}],"curies":[{"name":"wp","href":"https:\/\/api.w.org\/{rel}","templated":true}]}}