{"id":9801,"date":"2025-10-31T09:00:00","date_gmt":"2025-10-31T09:00:00","guid":{"rendered":"https:\/\/www.abchukuk.com\/index.php\/2025\/10\/31\/adalet-bakani-yilmaz-tuncu-protesto-eden-ogrencilere-gozalti\/"},"modified":"2025-10-31T09:00:00","modified_gmt":"2025-10-31T09:00:00","slug":"adalet-bakani-yilmaz-tuncu-protesto-eden-ogrencilere-gozalti","status":"publish","type":"post","link":"https:\/\/www.abchukuk.com\/index.php\/2025\/10\/31\/adalet-bakani-yilmaz-tuncu-protesto-eden-ogrencilere-gozalti\/","title":{"rendered":"Adalet Bakan\u0131 Y\u0131lmaz Tun\u00e7\u2019u protesto eden \u00f6\u011frencilere g\u00f6zalt\u0131!"},"content":{"rendered":"<p>Ege \u00dcniversitesi Akademik y\u0131l a\u00e7\u0131l\u0131\u015f t\u00f6renine kat\u0131lmak i\u00e7in kamp\u00fcse gelen Adalet Bakan\u0131 Y\u0131lmaz Tun\u00e7\u2019u protesto eden 5 \u00f6\u011frenci g\u00f6zalt\u0131na al\u0131nd\u0131.Ege \u00dcniversitesi Akademik y\u0131l a\u00e7\u0131l\u0131\u015f t\u00f6renine kat\u0131lmak i\u00e7in kamp\u00fcse gelen Adalet Bakan\u0131 Y\u0131lmaz Tun\u00e7\u2019u protesto eden 5 \u00f6\u011frenci g\u00f6zalt\u0131na al\u0131nd\u0131.\u00a0<a href=\"https:\/\/www.cumhuriyet.com.tr\/turkiye\/adalet-bakani-yilmaz-tunc-u-protesto-eden-ogrencilere-gozalti-2448532\" target=\"_blank\" class=\"feedzy-rss-link-icon\">Read More<\/a><\/p>","protected":false},"excerpt":{"rendered":"<p>Ege \u00dcniversitesi Akademik y\u0131l a\u00e7\u0131l\u0131\u015f t\u00f6renine kat\u0131lmak i\u00e7in kamp\u00fcse gelen Adalet Bakan\u0131 Y\u0131lmaz Tun\u00e7\u2019u protesto eden 5 \u00f6\u011frenci g\u00f6zalt\u0131na al\u0131nd\u0131.Ege \u00dcniversitesi Akademik y\u0131l a\u00e7\u0131l\u0131\u015f t\u00f6renine kat\u0131lmak i\u00e7in kamp\u00fcse gelen Adalet Bakan\u0131 Y\u0131lmaz Tun\u00e7\u2019u protesto eden 5 \u00f6\u011frenci g\u00f6zalt\u0131na al\u0131nd\u0131.\u00a0Read More<\/p>\n","protected":false},"author":1,"featured_media":9802,"comment_status":"open","ping_status":"open","sticky":false,"template":"","format":"standard","meta":{"footnotes":"","_links_to":"","_links_to_target":""},"categories":[1],"tags":[],"class_list":["post-9801","post","type-post","status-publish","format-standard","has-post-thumbnail","hentry","category-haberler"],"_links":{"self":[{"href":"https:\/\/www.abchukuk.com\/index.php\/wp-json\/wp\/v2\/posts\/9801","targetHints":{"allow":["GET"]}}],"collection":[{"href":"https:\/\/www.abchukuk.com\/index.php\/wp-json\/wp\/v2\/posts"}],"about":[{"href":"https:\/\/www.abchukuk.com\/index.php\/wp-json\/wp\/v2\/types\/post"}],"author":[{"embeddable":true,"href":"https:\/\/www.abchukuk.com\/index.php\/wp-json\/wp\/v2\/users\/1"}],"replies":[{"embeddable":true,"href":"https:\/\/www.abchukuk.com\/index.php\/wp-json\/wp\/v2\/comments?post=9801"}],"version-history":[{"count":0,"href":"https:\/\/www.abchukuk.com\/index.php\/wp-json\/wp\/v2\/posts\/9801\/revisions"}],"wp:featuredmedia":[{"embeddable":true,"href":"https:\/\/www.abchukuk.com\/index.php\/wp-json\/wp\/v2\/media\/9802"}],"wp:attachment":[{"href":"https:\/\/www.abchukuk.com\/index.php\/wp-json\/wp\/v2\/media?parent=9801"}],"wp:term":[{"taxonomy":"category","embeddable":true,"href":"https:\/\/www.abchukuk.com\/index.php\/wp-json\/wp\/v2\/categories?post=9801"},{"taxonomy":"post_tag","embeddable":true,"href":"https:\/\/www.abchukuk.com\/index.php\/wp-json\/wp\/v2\/tags?post=9801"}],"curies":[{"name":"wp","href":"https:\/\/api.w.org\/{rel}","templated":true}]}}