{"id":9797,"date":"2025-10-31T07:02:00","date_gmt":"2025-10-31T07:02:00","guid":{"rendered":"https:\/\/www.abchukuk.com\/index.php\/2025\/10\/31\/ibrahim-ozkan-kimdir-ibrahim-ozkan-kac-yasinda-nereli-ibrahim-ozkan-neden-gozaltina-alindi\/"},"modified":"2025-10-31T07:02:00","modified_gmt":"2025-10-31T07:02:00","slug":"ibrahim-ozkan-kimdir-ibrahim-ozkan-kac-yasinda-nereli-ibrahim-ozkan-neden-gozaltina-alindi","status":"publish","type":"post","link":"https:\/\/www.abchukuk.com\/index.php\/2025\/10\/31\/ibrahim-ozkan-kimdir-ibrahim-ozkan-kac-yasinda-nereli-ibrahim-ozkan-neden-gozaltina-alindi\/","title":{"rendered":"\u0130brahim \u00d6zkan kimdir? \u0130brahim \u00d6zkan ka\u00e7 ya\u015f\u0131nda, nereli? \u0130brahim \u00d6zkan neden g\u00f6zalt\u0131na al\u0131nd\u0131?"},"content":{"rendered":"<p>Tutuklu \u0130BB Ba\u015fkan\u0131 ve CHP\u2019nin Cumhurba\u015fkan\u0131 aday\u0131 Ekrem \u0130mamo\u011flu\u2019nun dan\u0131\u015fman\u0131 \u0130brahim \u00d6zkan g\u00f6zalt\u0131na al\u0131nd\u0131. Peki, \u0130brahim \u00d6zkan kimdir? \u0130brahim \u00d6zkan ka\u00e7 ya\u015f\u0131nda, nereli? \u0130brahim \u00d6zkan neden g\u00f6zalt\u0131na al\u0131nd\u0131?Tutuklu \u0130BB Ba\u015fkan\u0131 ve CHP\u2019nin Cumhurba\u015fkan\u0131 aday\u0131 Ekrem \u0130mamo\u011flu\u2019nun dan\u0131\u015fman\u0131 \u0130brahim \u00d6zkan g\u00f6zalt\u0131na al\u0131nd\u0131. Peki, \u0130brahim \u00d6zkan kimdir? \u0130brahim \u00d6zkan ka\u00e7 ya\u015f\u0131nda, nereli? \u0130brahim \u00d6zkan neden g\u00f6zalt\u0131na al\u0131nd\u0131?\u00a0<a href=\"https:\/\/www.cumhuriyet.com.tr\/turkiye\/ibrahim-ozkan-kimdir-ibrahim-ozkan-kac-yasinda-nereli-ibrahim-ozkan-neden-gozaltina-alindi-2448486\" target=\"_blank\" class=\"feedzy-rss-link-icon\">Read More<\/a><\/p>","protected":false},"excerpt":{"rendered":"<p>Tutuklu \u0130BB Ba\u015fkan\u0131 ve CHP\u2019nin Cumhurba\u015fkan\u0131 aday\u0131 Ekrem \u0130mamo\u011flu\u2019nun dan\u0131\u015fman\u0131 \u0130brahim \u00d6zkan g\u00f6zalt\u0131na al\u0131nd\u0131. Peki, \u0130brahim \u00d6zkan kimdir? \u0130brahim \u00d6zkan ka\u00e7 ya\u015f\u0131nda, nereli? \u0130brahim \u00d6zkan neden g\u00f6zalt\u0131na al\u0131nd\u0131?Tutuklu \u0130BB Ba\u015fkan\u0131 ve CHP\u2019nin Cumhurba\u015fkan\u0131 aday\u0131 Ekrem \u0130mamo\u011flu\u2019nun dan\u0131\u015fman\u0131 \u0130brahim \u00d6zkan g\u00f6zalt\u0131na al\u0131nd\u0131. Peki, \u0130brahim \u00d6zkan kimdir? \u0130brahim \u00d6zkan ka\u00e7 ya\u015f\u0131nda, nereli? \u0130brahim \u00d6zkan neden g\u00f6zalt\u0131na al\u0131nd\u0131?\u00a0Read [&hellip;]<\/p>\n","protected":false},"author":1,"featured_media":9798,"comment_status":"open","ping_status":"open","sticky":false,"template":"","format":"standard","meta":{"footnotes":"","_links_to":"","_links_to_target":""},"categories":[1],"tags":[],"class_list":["post-9797","post","type-post","status-publish","format-standard","has-post-thumbnail","hentry","category-haberler"],"_links":{"self":[{"href":"https:\/\/www.abchukuk.com\/index.php\/wp-json\/wp\/v2\/posts\/9797","targetHints":{"allow":["GET"]}}],"collection":[{"href":"https:\/\/www.abchukuk.com\/index.php\/wp-json\/wp\/v2\/posts"}],"about":[{"href":"https:\/\/www.abchukuk.com\/index.php\/wp-json\/wp\/v2\/types\/post"}],"author":[{"embeddable":true,"href":"https:\/\/www.abchukuk.com\/index.php\/wp-json\/wp\/v2\/users\/1"}],"replies":[{"embeddable":true,"href":"https:\/\/www.abchukuk.com\/index.php\/wp-json\/wp\/v2\/comments?post=9797"}],"version-history":[{"count":0,"href":"https:\/\/www.abchukuk.com\/index.php\/wp-json\/wp\/v2\/posts\/9797\/revisions"}],"wp:featuredmedia":[{"embeddable":true,"href":"https:\/\/www.abchukuk.com\/index.php\/wp-json\/wp\/v2\/media\/9798"}],"wp:attachment":[{"href":"https:\/\/www.abchukuk.com\/index.php\/wp-json\/wp\/v2\/media?parent=9797"}],"wp:term":[{"taxonomy":"category","embeddable":true,"href":"https:\/\/www.abchukuk.com\/index.php\/wp-json\/wp\/v2\/categories?post=9797"},{"taxonomy":"post_tag","embeddable":true,"href":"https:\/\/www.abchukuk.com\/index.php\/wp-json\/wp\/v2\/tags?post=9797"}],"curies":[{"name":"wp","href":"https:\/\/api.w.org\/{rel}","templated":true}]}}