{"id":9787,"date":"2025-10-31T07:51:54","date_gmt":"2025-10-31T07:51:54","guid":{"rendered":"https:\/\/www.abchukuk.com\/index.php\/2025\/10\/31\/venezuellada-yeni-anayasal-tartisma-madurodan-isgali-tesvik-edenlere-karsi-onlem\/"},"modified":"2025-10-31T07:51:54","modified_gmt":"2025-10-31T07:51:54","slug":"venezuellada-yeni-anayasal-tartisma-madurodan-isgali-tesvik-edenlere-karsi-onlem","status":"publish","type":"post","link":"https:\/\/www.abchukuk.com\/index.php\/2025\/10\/31\/venezuellada-yeni-anayasal-tartisma-madurodan-isgali-tesvik-edenlere-karsi-onlem\/","title":{"rendered":"Venez\u00fcella\u2019da yeni anayasal tart\u0131\u015fma: Maduro&#8217;dan &#8216;i\u015fgali te\u015fvik edenlere&#8217; kar\u015f\u0131 \u00f6nlem"},"content":{"rendered":"<p>Venez\u00fcella Devlet Ba\u015fkan\u0131 Nicolas Maduro, ABD&#8217;nin \u00fclkeyi i\u015fgal etmesini te\u015fvik eden ki\u015filerin vatanda\u015fl\u0131ktan \u00e7\u0131kar\u0131lmas\u0131 i\u00e7in anayasal bir \u00e7al\u0131\u015fma ba\u015flatacaklar\u0131n\u0131 duyurdu. Maduro, muhalefet liderlerini hedef al\u0131rken ABD&#8217;yi b\u00f6lgesel sava\u015f planlar\u0131 yapmakla su\u00e7lad\u0131.Venez\u00fcella Devlet Ba\u015fkan\u0131 Nicolas Maduro, ABD&#8217;nin \u00fclkeyi i\u015fgal etmesini te\u015fvik eden ki\u015filerin vatanda\u015fl\u0131ktan \u00e7\u0131kar\u0131lmas\u0131 i\u00e7in anayasal bir \u00e7al\u0131\u015fma ba\u015flatacaklar\u0131n\u0131 duyurdu. Maduro, muhalefet liderlerini hedef al\u0131rken ABD&#8217;yi b\u00f6lgesel sava\u015f planlar\u0131 yapmakla su\u00e7lad\u0131.\u00a0<a href=\"https:\/\/anlatilaninotesi.com.tr\/20251031\/venezuellada-yeni-anayasal-tartisma-madurodan-isgali-tesvik-edenlere-karsi-onlem-1100638445.html\" target=\"_blank\" class=\"feedzy-rss-link-icon\">Read More<\/a><\/p>","protected":false},"excerpt":{"rendered":"<p>Venez\u00fcella Devlet Ba\u015fkan\u0131 Nicolas Maduro, ABD&#8217;nin \u00fclkeyi i\u015fgal etmesini te\u015fvik eden ki\u015filerin vatanda\u015fl\u0131ktan \u00e7\u0131kar\u0131lmas\u0131 i\u00e7in anayasal bir \u00e7al\u0131\u015fma ba\u015flatacaklar\u0131n\u0131 duyurdu. Maduro, muhalefet liderlerini hedef al\u0131rken ABD&#8217;yi b\u00f6lgesel sava\u015f planlar\u0131 yapmakla su\u00e7lad\u0131.Venez\u00fcella Devlet Ba\u015fkan\u0131 Nicolas Maduro, ABD&#8217;nin \u00fclkeyi i\u015fgal etmesini te\u015fvik eden ki\u015filerin vatanda\u015fl\u0131ktan \u00e7\u0131kar\u0131lmas\u0131 i\u00e7in anayasal bir \u00e7al\u0131\u015fma ba\u015flatacaklar\u0131n\u0131 duyurdu. Maduro, muhalefet liderlerini hedef al\u0131rken [&hellip;]<\/p>\n","protected":false},"author":1,"featured_media":0,"comment_status":"open","ping_status":"open","sticky":false,"template":"","format":"standard","meta":{"footnotes":"","_links_to":"","_links_to_target":""},"categories":[1],"tags":[],"class_list":["post-9787","post","type-post","status-publish","format-standard","hentry","category-haberler"],"_links":{"self":[{"href":"https:\/\/www.abchukuk.com\/index.php\/wp-json\/wp\/v2\/posts\/9787","targetHints":{"allow":["GET"]}}],"collection":[{"href":"https:\/\/www.abchukuk.com\/index.php\/wp-json\/wp\/v2\/posts"}],"about":[{"href":"https:\/\/www.abchukuk.com\/index.php\/wp-json\/wp\/v2\/types\/post"}],"author":[{"embeddable":true,"href":"https:\/\/www.abchukuk.com\/index.php\/wp-json\/wp\/v2\/users\/1"}],"replies":[{"embeddable":true,"href":"https:\/\/www.abchukuk.com\/index.php\/wp-json\/wp\/v2\/comments?post=9787"}],"version-history":[{"count":0,"href":"https:\/\/www.abchukuk.com\/index.php\/wp-json\/wp\/v2\/posts\/9787\/revisions"}],"wp:attachment":[{"href":"https:\/\/www.abchukuk.com\/index.php\/wp-json\/wp\/v2\/media?parent=9787"}],"wp:term":[{"taxonomy":"category","embeddable":true,"href":"https:\/\/www.abchukuk.com\/index.php\/wp-json\/wp\/v2\/categories?post=9787"},{"taxonomy":"post_tag","embeddable":true,"href":"https:\/\/www.abchukuk.com\/index.php\/wp-json\/wp\/v2\/tags?post=9787"}],"curies":[{"name":"wp","href":"https:\/\/api.w.org\/{rel}","templated":true}]}}